{"id":12778,"date":"2025-12-01T18:51:03","date_gmt":"2025-12-01T22:51:03","guid":{"rendered":"https:\/\/www.foodieandtraveler.com\/?p=12778"},"modified":"2025-12-01T18:51:23","modified_gmt":"2025-12-01T22:51:23","slug":"el-comite-nacional-de-facilitacion-de-la-jac-impulsa-acciones-para-mejorar-experiencia-de-viajeros","status":"publish","type":"post","link":"https:\/\/www.foodieandtraveler.com\/index.php\/el-comite-nacional-de-facilitacion-de-la-jac-impulsa-acciones-para-mejorar-experiencia-de-viajeros\/","title":{"rendered":"El Comit\u00e9 Nacional de Facilitaci\u00f3n de la JAC impulsa acciones para mejorar experiencia de viajeros"},"content":{"rendered":"<p style=\"font-weight: 400;\">La Junta de Aviaci\u00f3n Civil (JAC) celebr\u00f3 su tercera reuni\u00f3n ordinaria<br \/>\ndel Comit\u00e9 Nacional de Facilitaci\u00f3n (CNF), un significativo encuentro donde todos sus<br \/>\nmiembros abordaron y coordinaron puntos clave para modernizar y garantizar una mejor<br \/>\nexperiencia para los pasajeros.<\/p>\n<p style=\"font-weight: 400;\">El encuentro fue encabezado por H\u00e9ctor Porcella, presidente de la JAC y del CNF, el cual<br \/>\npresent\u00f3 el borrador del Plan Nacional de Facilitaci\u00f3n del Transporte A\u00e9reo (versi\u00f3n 1.0),<br \/>\nque ser\u00e1 ejecutado por la Divisi\u00f3n de Facilitaci\u00f3n de la JAC en coordinaci\u00f3n con todas las<br \/>\ninstituciones involucradas en el tr\u00e1nsito de pasajeros y carga.<\/p>\n<p style=\"font-weight: 400;\">Este plan tiene como meta principal, simplificar y acelerar el tr\u00e1nsito de pasajeros y carga<br \/>\nen todos los aeropuertos del pa\u00eds. Su implementaci\u00f3n estrat\u00e9gica est\u00e1 pautada para iniciar<br \/>\nen esta temporada alta de diciembre 2025 enero \u2013 2026, debido a que tradicionalmente, este<br \/>\nperiodo marca una mayor afluencia de viajeros y un incremento en el movimiento de carga<br \/>\na\u00e9rea debido a las festividades de fin de a\u00f1o.<\/p>\n<p style=\"font-weight: 400;\">Esta estrategia incorpora facilitadores presenciales en los principales aeropuertos del pa\u00eds,<br \/>\nun sistema de reporte remoto mediante c\u00f3digo QR y la designaci\u00f3n de puntos focales por<br \/>\ninstituci\u00f3n a fin de agilizar la gesti\u00f3n de incidencias, conforme a las directrices de la OACI.<\/p>\n<p style=\"font-weight: 400;\">Adem\u00e1s, se implementar\u00e1n encuestas de satisfacci\u00f3n del pasajero, tanto presenciales como<br \/>\ndigitales, para medir la calidad del servicio y los tiempos de atenci\u00f3n. Con el prop\u00f3sito de<br \/>\nque estos resultados permitan fortalecer la planificaci\u00f3n y que impulsen una facilitaci\u00f3n<br \/>\naeroportuaria m\u00e1s f\u00e1cil y moderna.<\/p>\n<p style=\"font-weight: 400;\">Por su parte, la Direcci\u00f3n General de Pasaportes realiz\u00f3 una presentaci\u00f3n enfocada en la<br \/>\nseguridad de los viajeros, detallando el Programa TRIP (OACI), cuyo prop\u00f3sito es<br \/>\nconstruir una estrategia para ayudar a los Estados miembros a establecer procesos m\u00e1s<br \/>\ns\u00f3lidos de identificaci\u00f3n de viajeros.<\/p>\n<p style=\"font-weight: 400;\">Asimismo, inform\u00f3 sobre el estatus de la implementaci\u00f3n del proyecto del Pasaporte de<br \/>\nLectura Electr\u00f3nica, as\u00ed como el ingreso de la Rep\u00fablica Dominicana al Programa del<br \/>\nDirectorio de Claves P\u00fablicas (PKD) de la OACI, lo que permitir\u00e1 el intercambio seguro de<br \/>\ninformaci\u00f3n necesaria para certificar documentos de viajes electr\u00f3nicos, como pasaportes y<br \/>\ntarjetas de identidad.<\/p>\n<p style=\"font-weight: 400;\">En la reuni\u00f3n, el Ministerio de Salud P\u00fablica realiz\u00f3 una exposici\u00f3n en la que mostr\u00f3 los<br \/>\navances en la designaci\u00f3n del Aeropuerto Internacional de Las Am\u00e9ricas (AILA) como<br \/>\nPunto de Entrada A\u00e9reo, de conformidad con las disposiciones del Reglamento Sanitario<br \/>\nInternacional (2005).<\/p>\n<p style=\"font-weight: 400;\">El Comit\u00e9 Nacional de Facilitaci\u00f3n es un \u00f3rgano adscrito a la Junta de Aviaci\u00f3n Civil<br \/>\nencargado de coordinar los procedimientos que requiere la facilitaci\u00f3n de la entrada,<br \/>\ntr\u00e1nsito y salida de aeronaves, pasajeros, carga y correo en el territorio nacional, apegado a<br \/>\nlos est\u00e1ndares de la OACI.<\/p>\n<p style=\"font-weight: 400;\">Este comit\u00e9 se re\u00fane de forma ordinaria cada tres meses, y est\u00e1 integrado por los miembros<br \/>\ndel pleno de la Junta de Aviaci\u00f3n Civil, el director General de Migraci\u00f3n, el director<br \/>\nGeneral de Pasaportes, el director General de Aduanas, el presidente de la Direcci\u00f3n<br \/>\nNacional de Control de Drogas, la Asociaci\u00f3n de L\u00edneas A\u00e9reas de la Rep\u00fablica<br \/>\nDominicana y la Asociaci\u00f3n de Aeropuertos. Adem\u00e1s; en calidad de asesores, participan los<br \/>\nministros de Salud P\u00fablica, de Agricultura y de Medio Ambiente y Recursos Naturales.<\/p>\n<p style=\"font-weight: 400;\">\n","protected":false},"excerpt":{"rendered":"<p>La Junta de Aviaci\u00f3n Civil (JAC) celebr\u00f3 su tercera reuni\u00f3n ordinaria del Comit\u00e9 Nacional de Facilitaci\u00f3n (CNF), un significativo encuentro donde todos sus miembros abordaron y coordinaron puntos clave para modernizar y garantizar una mejor experiencia para los pasajeros. El encuentro fue encabezado por H\u00e9ctor Porcella, presidente de la JAC y del CNF, el cual [&hellip;]<\/p>\n","protected":false},"author":9,"featured_media":12779,"comment_status":"closed","ping_status":"closed","sticky":false,"template":"","format":"standard","meta":{"footnotes":""},"categories":[2,48],"tags":[5232,4686,1454],"class_list":["post-12778","post","type-post","status-publish","format-standard","has-post-thumbnail","hentry","category-featured","category-turismo","tag-direccion-general-de-pasaportes","tag-jac","tag-junta-de-aviacion-civil"],"_links":{"self":[{"href":"https:\/\/www.foodieandtraveler.com\/index.php\/wp-json\/wp\/v2\/posts\/12778","targetHints":{"allow":["GET"]}}],"collection":[{"href":"https:\/\/www.foodieandtraveler.com\/index.php\/wp-json\/wp\/v2\/posts"}],"about":[{"href":"https:\/\/www.foodieandtraveler.com\/index.php\/wp-json\/wp\/v2\/types\/post"}],"author":[{"embeddable":true,"href":"https:\/\/www.foodieandtraveler.com\/index.php\/wp-json\/wp\/v2\/users\/9"}],"replies":[{"embeddable":true,"href":"https:\/\/www.foodieandtraveler.com\/index.php\/wp-json\/wp\/v2\/comments?post=12778"}],"version-history":[{"count":0,"href":"https:\/\/www.foodieandtraveler.com\/index.php\/wp-json\/wp\/v2\/posts\/12778\/revisions"}],"wp:featuredmedia":[{"embeddable":true,"href":"https:\/\/www.foodieandtraveler.com\/index.php\/wp-json\/wp\/v2\/media\/12779"}],"wp:attachment":[{"href":"https:\/\/www.foodieandtraveler.com\/index.php\/wp-json\/wp\/v2\/media?parent=12778"}],"wp:term":[{"taxonomy":"category","embeddable":true,"href":"https:\/\/www.foodieandtraveler.com\/index.php\/wp-json\/wp\/v2\/categories?post=12778"},{"taxonomy":"post_tag","embeddable":true,"href":"https:\/\/www.foodieandtraveler.com\/index.php\/wp-json\/wp\/v2\/tags?post=12778"}],"curies":[{"name":"wp","href":"https:\/\/api.w.org\/{rel}","templated":true}]}}