{"id":1268,"date":"2016-07-03T18:22:58","date_gmt":"2016-07-03T22:22:58","guid":{"rendered":"http:\/\/foodieandtraveler.com\/?p=1268"},"modified":"2017-05-26T18:05:12","modified_gmt":"2017-05-26T22:05:12","slug":"hotel-sheraton-presenta-su-noche-de-rodizio-en-el-cafe-casabe","status":"publish","type":"post","link":"https:\/\/www.foodieandtraveler.com\/index.php\/hotel-sheraton-presenta-su-noche-de-rodizio-en-el-cafe-casabe\/","title":{"rendered":"Hotel Sheraton presenta su noche de Rodizio en el Caf\u00e9 Casabe"},"content":{"rendered":"<p>Con esta propuesta el prestigioso hotel se constituye como una atractiva oferta gastron\u00f3mica en nuestra ciudad, quien adem\u00e1s de ofrecer el servicio a sus hu\u00e9spedes tambi\u00e9n lo pone a disposici\u00f3n del p\u00fablico en general.<\/p>\n<p>De esta manera el Sheraton se erige dentro de las ofertas gastron\u00f3micas m\u00e1s atractivas de las que dispone la ciudad a la hora de disfrutar de una propuesta gastron\u00f3mica al m\u00e1s alto nivel, donde la buena cocina se conjuga con el mejor ambiente.<\/p>\n<p>El Rodizio es un servicio muy frecuentado en Brasil y Portugal, en el cual se paga un precio fijo y se tiene acceso a 6 tipos de carnes que son llevadas individualmente en tabla o en el mismo spiedo donde son azadas,\u00a0 a la mesa del comensal y se le ofrece un corte de acuerdo a su gusto.<\/p>\n<p>Este servicio est\u00e1 disponible en horario cena en las instalaciones del Hotel Sheraton Santo Domingo, una opci\u00f3n diferente que puede degustarse con un buffet de guarniciones disponibles en el Caf\u00e9 Casabe para que el cliente pueda servirse el acompa\u00f1amiento que se ajuste a su paladar.<\/p>\n<p>El Chef ejecutivo del hotel Sheraton, el uruguayo Marcos Fabi\u00e1n Ghigliano, dirige personalmente todo el proceso con la finalidad de que cada corte de carne cuente con la cocci\u00f3n adecuada que garantice al comensal una experiencia \u00fanica.<\/p>\n<p>Ghigliano, tiene vasta experiencia puesta de manifiesto ahora en el Sheraton, aquilatada en el pasado durante su paso al frente como Chef ejecutivo e innovador gastron\u00f3mico de las nuevas tendencias del Hard Rock Hotel &amp; C. Punta Cana; \u00a0lo propio en Baja Cantina Group, as\u00ed como Chef ejecutivo de Gran Bah\u00eda Pr\u00edncipe, entre otros importantes centros hoteleros donde labor\u00f3.<\/p>\n<p>Para disfrutar del Rodizio puede reservar (809) 730 6630 o visitar las instalaciones del hotel Sheraton en el malec\u00f3n y disfrutar de su totalmente y renovado ambiente, el cual se ajusta a los gustos m\u00e1s exigentes.<\/p>\n<div id='gallery-1' class='gallery galleryid-1268 gallery-columns-2 gallery-size-thumbnail'><figure class='gallery-item'>\n\t\t\t<div class='gallery-icon landscape'>\n\t\t\t\t<a href='https:\/\/www.foodieandtraveler.com\/index.php\/hotel-sheraton-presenta-su-noche-de-rodizio-en-el-cafe-casabe\/camilo-albert-y-haydee-garrido\/'><img decoding=\"async\" width=\"150\" height=\"150\" src=\"https:\/\/www.foodieandtraveler.com\/wp-content\/uploads\/2016\/07\/Camilo-Albert-y-Haydee-Garrido-150x150.jpg\" class=\"attachment-thumbnail size-thumbnail\" alt=\"\" \/><\/a>\n\t\t\t<\/div><\/figure><figure class='gallery-item'>\n\t\t\t<div class='gallery-icon landscape'>\n\t\t\t\t<a href='https:\/\/www.foodieandtraveler.com\/index.php\/hotel-sheraton-presenta-su-noche-de-rodizio-en-el-cafe-casabe\/carlos-quintanar-y-juan-de-dios-valentino\/'><img decoding=\"async\" width=\"150\" height=\"150\" src=\"https:\/\/www.foodieandtraveler.com\/wp-content\/uploads\/2016\/07\/Carlos-Quintanar-y-Juan-de-Dios-Valentino-150x150.jpg\" class=\"attachment-thumbnail size-thumbnail\" alt=\"\" \/><\/a>\n\t\t\t<\/div><\/figure><figure class='gallery-item'>\n\t\t\t<div class='gallery-icon landscape'>\n\t\t\t\t<a href='https:\/\/www.foodieandtraveler.com\/index.php\/hotel-sheraton-presenta-su-noche-de-rodizio-en-el-cafe-casabe\/cesar-nivar-y-andrea-bravo\/'><img decoding=\"async\" width=\"150\" height=\"150\" src=\"https:\/\/www.foodieandtraveler.com\/wp-content\/uploads\/2016\/07\/Cesar-Nivar-y-Andrea-Bravo-150x150.jpg\" class=\"attachment-thumbnail size-thumbnail\" alt=\"\" \/><\/a>\n\t\t\t<\/div><\/figure><figure class='gallery-item'>\n\t\t\t<div class='gallery-icon landscape'>\n\t\t\t\t<a href='https:\/\/www.foodieandtraveler.com\/index.php\/hotel-sheraton-presenta-su-noche-de-rodizio-en-el-cafe-casabe\/chef-del-hotel-sheraton-en-inauguracion-restaurante-rodizio\/'><img loading=\"lazy\" decoding=\"async\" width=\"150\" height=\"150\" src=\"https:\/\/www.foodieandtraveler.com\/wp-content\/uploads\/2016\/07\/Chef-del-hotel-Sheraton-en-inauguracion-restaurante-Rodizio--150x150.jpg\" class=\"attachment-thumbnail size-thumbnail\" alt=\"\" \/><\/a>\n\t\t\t<\/div><\/figure><figure class='gallery-item'>\n\t\t\t<div class='gallery-icon portrait'>\n\t\t\t\t<a href='https:\/\/www.foodieandtraveler.com\/index.php\/hotel-sheraton-presenta-su-noche-de-rodizio-en-el-cafe-casabe\/chef-marcos-fabian\/'><img loading=\"lazy\" decoding=\"async\" width=\"150\" height=\"150\" src=\"https:\/\/www.foodieandtraveler.com\/wp-content\/uploads\/2016\/07\/Chef-Marcos-Fabian-150x150.jpg\" class=\"attachment-thumbnail size-thumbnail\" alt=\"\" \/><\/a>\n\t\t\t<\/div><\/figure><figure class='gallery-item'>\n\t\t\t<div class='gallery-icon landscape'>\n\t\t\t\t<a href='https:\/\/www.foodieandtraveler.com\/index.php\/hotel-sheraton-presenta-su-noche-de-rodizio-en-el-cafe-casabe\/elibeth-lamarche-marleny-vargas-y-haydee-garrido\/'><img loading=\"lazy\" decoding=\"async\" width=\"150\" height=\"150\" src=\"https:\/\/www.foodieandtraveler.com\/wp-content\/uploads\/2016\/07\/Elibeth-Lamarche-Marleny-Vargas-y-Haydee-Garrido-150x150.jpg\" class=\"attachment-thumbnail size-thumbnail\" alt=\"\" \/><\/a>\n\t\t\t<\/div><\/figure><figure class='gallery-item'>\n\t\t\t<div class='gallery-icon landscape'>\n\t\t\t\t<a href='https:\/\/www.foodieandtraveler.com\/index.php\/hotel-sheraton-presenta-su-noche-de-rodizio-en-el-cafe-casabe\/franklin-araque-aurora-sagredo-y-marcos-fabian-principal\/'><img loading=\"lazy\" decoding=\"async\" width=\"150\" height=\"150\" src=\"https:\/\/www.foodieandtraveler.com\/wp-content\/uploads\/2016\/07\/Franklin-Araque-Aurora-Sagredo-y-Marcos-Fabian-PRINCIPAL-150x150.jpg\" class=\"attachment-thumbnail size-thumbnail\" alt=\"\" \/><\/a>\n\t\t\t<\/div><\/figure><figure class='gallery-item'>\n\t\t\t<div class='gallery-icon landscape'>\n\t\t\t\t<a href='https:\/\/www.foodieandtraveler.com\/index.php\/hotel-sheraton-presenta-su-noche-de-rodizio-en-el-cafe-casabe\/juan-ricardo-y-jordana-donne\/'><img loading=\"lazy\" decoding=\"async\" width=\"150\" height=\"150\" src=\"https:\/\/www.foodieandtraveler.com\/wp-content\/uploads\/2016\/07\/Juan-Ricardo-y-Jordana-Don\u00f1e-150x150.jpg\" class=\"attachment-thumbnail size-thumbnail\" alt=\"\" \/><\/a>\n\t\t\t<\/div><\/figure>\n\t\t<\/div>\n\n","protected":false},"excerpt":{"rendered":"<p>Con esta propuesta el prestigioso hotel se constituye como una atractiva oferta gastron\u00f3mica en nuestra ciudad, quien adem\u00e1s de ofrecer el servicio a sus hu\u00e9spedes tambi\u00e9n lo pone a disposici\u00f3n del p\u00fablico en general. De esta manera el Sheraton se erige dentro de las ofertas gastron\u00f3micas m\u00e1s atractivas de las que dispone la ciudad a [&hellip;]<\/p>\n","protected":false},"author":9,"featured_media":1277,"comment_status":"open","ping_status":"closed","sticky":false,"template":"","format":"standard","meta":{"footnotes":""},"categories":[2,9],"tags":[58,204,60,205,203,202,201],"class_list":["post-1268","post","type-post","status-publish","format-standard","has-post-thumbnail","hentry","category-featured","category-restaurantes","tag-chef","tag-chef-marcos-fabian","tag-gastronomia","tag-hotel","tag-hotel-sheraton-santo-domingo","tag-restaurante-rodizio","tag-rodizio"],"_links":{"self":[{"href":"https:\/\/www.foodieandtraveler.com\/index.php\/wp-json\/wp\/v2\/posts\/1268","targetHints":{"allow":["GET"]}}],"collection":[{"href":"https:\/\/www.foodieandtraveler.com\/index.php\/wp-json\/wp\/v2\/posts"}],"about":[{"href":"https:\/\/www.foodieandtraveler.com\/index.php\/wp-json\/wp\/v2\/types\/post"}],"author":[{"embeddable":true,"href":"https:\/\/www.foodieandtraveler.com\/index.php\/wp-json\/wp\/v2\/users\/9"}],"replies":[{"embeddable":true,"href":"https:\/\/www.foodieandtraveler.com\/index.php\/wp-json\/wp\/v2\/comments?post=1268"}],"version-history":[{"count":0,"href":"https:\/\/www.foodieandtraveler.com\/index.php\/wp-json\/wp\/v2\/posts\/1268\/revisions"}],"wp:featuredmedia":[{"embeddable":true,"href":"https:\/\/www.foodieandtraveler.com\/index.php\/wp-json\/wp\/v2\/media\/1277"}],"wp:attachment":[{"href":"https:\/\/www.foodieandtraveler.com\/index.php\/wp-json\/wp\/v2\/media?parent=1268"}],"wp:term":[{"taxonomy":"category","embeddable":true,"href":"https:\/\/www.foodieandtraveler.com\/index.php\/wp-json\/wp\/v2\/categories?post=1268"},{"taxonomy":"post_tag","embeddable":true,"href":"https:\/\/www.foodieandtraveler.com\/index.php\/wp-json\/wp\/v2\/tags?post=1268"}],"curies":[{"name":"wp","href":"https:\/\/api.w.org\/{rel}","templated":true}]}}