{"id":12586,"date":"2025-10-31T16:33:48","date_gmt":"2025-10-31T20:33:48","guid":{"rendered":"https:\/\/www.foodieandtraveler.com\/?p=12586"},"modified":"2025-10-31T16:35:49","modified_gmt":"2025-10-31T20:35:49","slug":"gobierno-de-rd-y-arajet-ofrecen-vuelos-gratuitos-para-repatriar-ciudadanos-en-jamaica-afectados-por-el-huracan-melissa","status":"publish","type":"post","link":"https:\/\/www.foodieandtraveler.com\/index.php\/gobierno-de-rd-y-arajet-ofrecen-vuelos-gratuitos-para-repatriar-ciudadanos-en-jamaica-afectados-por-el-huracan-melissa\/","title":{"rendered":"Gobierno de RD y Arajet ofrecen vuelos gratuitos para repatriar ciudadanos en Jamaica, afectados por el hurac\u00e1n Melissa"},"content":{"rendered":"<p class=\"x_MsoNormal\"><span data-olk-copy-source=\"MessageBody\">Ante los efectos del hurac\u00e1n Melissa en Jamaica, el Gobierno de la Rep\u00fablica Dominicana, en coordinaci\u00f3n con la aerol\u00ednea Arajet, ha dispuesto vuelos humanitarios gratuitos para facilitar la repatriaci\u00f3n de los ciudadanos dominicanos que se han visto afectados por el fen\u00f3meno atmosf\u00e9rico.<\/span><\/p>\n<p>&nbsp;<\/p>\n<p class=\"x_MsoNormal\">Los vuelos iniciar\u00e1n este s\u00e1bado 1ro. de noviembre a las 11:00 de la ma\u00f1ana desde Kingston con destino a Santo Domingo. Cada solicitud ser\u00e1 evaluada individualmente por la Embajada de la Rep\u00fablica Dominicana en Jamaica, con el fin de garantizar un proceso justo, transparente y ordenado.<\/p>\n<p>&nbsp;<\/p>\n<p class=\"x_MsoNormal\">La Embajada y su Secci\u00f3n Consular han habilitado los siguientes n\u00fameros de contacto para atender casos de emergencia y brindar informaci\u00f3n sobre el proceso de repatriaci\u00f3n:<\/p>\n<p>&nbsp;<\/p>\n<p class=\"x_MsoNormal\">\ud83d\udcde Tel\u00e9fono Consular: +1 (876) 260-0649<\/p>\n<p class=\"x_MsoNormal\">\ud83d\udcde Tel\u00e9fono Embajada: +1 (876) 633-7765<\/p>\n<p>&nbsp;<\/p>\n<p class=\"x_MsoNormal\">El Gobierno dominicano y Arajet reafirman su compromiso con la protecci\u00f3n y asistencia de todos los ciudadanos dominicanos en el exterior, especialmente en situaciones de emergencia como la ocasionada por el paso del hurac\u00e1n Melissa.<\/p>\n<p>&nbsp;<\/p>\n<p class=\"x_MsoNormal\">\u201cDesde el inicio del fen\u00f3meno atmosf\u00e9rico Melissa, hemos monitoreado su impacto en Jamaica y otros destinos. En estrecha comunicaci\u00f3n y coordinaci\u00f3n con las autoridades dominicanas, estamos ofreciendo en Jamaica a los afectados de este fen\u00f3meno natural, las facilidades y el auxilio necesarios a trav\u00e9s de nuestros vuelos.\u201d declar\u00f3 Victor Pacheco, fundador y CEO de Arajet.<\/p>\n<p>&nbsp;<\/p>\n<p class=\"x_MsoNormal\">Los primeros ciudadanos repatriados desde Jamaica llegar\u00e1n al pa\u00eds este s\u00e1bado a la 1:30 de la tarde por el Aeropuerto Internacional de Las Am\u00e9ricas. Adem\u00e1s del vuelo de este s\u00e1bado, habr\u00e1 otro vuelo el martes brindando asistencia.<\/p>\n<p>&nbsp;<\/p>\n<p class=\"x_MsoNormal\">Igualmente, la aerol\u00ednea dispuso que, durante los pr\u00f3ximos 15 d\u00edas, los pasajeros puedan reagendar sus vuelos desde y hacia Jamaica sin ning\u00fan costo adicional.<\/p>\n","protected":false},"excerpt":{"rendered":"<p>Ante los efectos del hurac\u00e1n Melissa en Jamaica, el Gobierno de la Rep\u00fablica Dominicana, en coordinaci\u00f3n con la aerol\u00ednea Arajet, ha dispuesto vuelos humanitarios gratuitos para facilitar la repatriaci\u00f3n de los ciudadanos dominicanos que se han visto afectados por el fen\u00f3meno atmosf\u00e9rico. &nbsp; Los vuelos iniciar\u00e1n este s\u00e1bado 1ro. de noviembre a las 11:00 de [&hellip;]<\/p>\n","protected":false},"author":9,"featured_media":12587,"comment_status":"closed","ping_status":"closed","sticky":false,"template":"","format":"standard","meta":{"footnotes":""},"categories":[2843,3155,2894,3433],"tags":[5158,5159,556,2536,68,5160],"class_list":["post-12586","post","type-post","status-publish","format-standard","has-post-thumbnail","hentry","category-aerolineas","category-aeropuertos","category-apoyo-local","category-dominicanidad","tag-aeajet","tag-huracan-melissa","tag-jamaica","tag-rd","tag-republica-dominicana","tag-vuelos-de-repatriacion"],"_links":{"self":[{"href":"https:\/\/www.foodieandtraveler.com\/index.php\/wp-json\/wp\/v2\/posts\/12586","targetHints":{"allow":["GET"]}}],"collection":[{"href":"https:\/\/www.foodieandtraveler.com\/index.php\/wp-json\/wp\/v2\/posts"}],"about":[{"href":"https:\/\/www.foodieandtraveler.com\/index.php\/wp-json\/wp\/v2\/types\/post"}],"author":[{"embeddable":true,"href":"https:\/\/www.foodieandtraveler.com\/index.php\/wp-json\/wp\/v2\/users\/9"}],"replies":[{"embeddable":true,"href":"https:\/\/www.foodieandtraveler.com\/index.php\/wp-json\/wp\/v2\/comments?post=12586"}],"version-history":[{"count":0,"href":"https:\/\/www.foodieandtraveler.com\/index.php\/wp-json\/wp\/v2\/posts\/12586\/revisions"}],"wp:featuredmedia":[{"embeddable":true,"href":"https:\/\/www.foodieandtraveler.com\/index.php\/wp-json\/wp\/v2\/media\/12587"}],"wp:attachment":[{"href":"https:\/\/www.foodieandtraveler.com\/index.php\/wp-json\/wp\/v2\/media?parent=12586"}],"wp:term":[{"taxonomy":"category","embeddable":true,"href":"https:\/\/www.foodieandtraveler.com\/index.php\/wp-json\/wp\/v2\/categories?post=12586"},{"taxonomy":"post_tag","embeddable":true,"href":"https:\/\/www.foodieandtraveler.com\/index.php\/wp-json\/wp\/v2\/tags?post=12586"}],"curies":[{"name":"wp","href":"https:\/\/api.w.org\/{rel}","templated":true}]}}