{"id":12551,"date":"2025-10-29T14:57:19","date_gmt":"2025-10-29T18:57:19","guid":{"rendered":"https:\/\/www.foodieandtraveler.com\/?p=12551"},"modified":"2025-10-29T14:57:50","modified_gmt":"2025-10-29T18:57:50","slug":"realizaran-primera-edicion-del-conexion-wave-fest-2025-en-punta-cana","status":"publish","type":"post","link":"https:\/\/www.foodieandtraveler.com\/index.php\/realizaran-primera-edicion-del-conexion-wave-fest-2025-en-punta-cana\/","title":{"rendered":"Realizar\u00e1n primera edici\u00f3n del \u201cConexi\u00f3n Wave Fest 2025\u201d en Punta Cana"},"content":{"rendered":"<p style=\"font-weight: 400;\">El auge de las rentas cortas en Rep\u00fablica Dominicana es innegable. M\u00e1s de 51,000 unidades activas (seg\u00fan informes de AirDNA\/PriceLabs) muestran el dinamismo de un sector que contin\u00faa creciendo sin pausa. Sin embargo, en destinos como\u00a0Nueva York, en Estados Unidos\u00a0o\u00a0Barcelona, en Espa\u00f1a nuevas regulaciones han paralizado miles de operaciones. \u00bfPodr\u00eda ocurrir algo similar aqu\u00ed?<\/p>\n<p style=\"font-weight: 400;\">Esta y otras respuestas ser\u00e1n debatidas en el\u00a0Primer Foro Internacional de Rentas Cortas (Conexi\u00f3n Wave Fest 2025), que se llevar\u00e1 a cabo los d\u00edas\u00a08 y 9 de noviembre, en el Restaurante Chic Cabaret de los Hoteles Palladum en Punta Cana.<\/p>\n<p style=\"font-weight: 400;\">Organizado por\u00a0(Conexi\u00f3n Wave) Plataforma de Desarrollo Colectivo;\u00a0junto a la Asociaci\u00f3n Dominicana de Rentas Cortas (ADORECO), El Economista YouTuber y Fundaci\u00f3n Vida Azul, el foro busca preparar al sector para los retos regulatorios, fortalecer la profesionalizaci\u00f3n y promover un crecimiento \u00e9tico de las rentas cortas en el Caribe.<\/p>\n<p style=\"font-weight: 400;\"><strong>Agenda<\/strong><\/p>\n<p style=\"font-weight: 400;\">Seg\u00fan confirman sus organizadores, este primer foro reunir\u00e1 a\u00a0anfitriones, inversionistas, plataformas tecnol\u00f3gicas y gremios\u00a0con el prop\u00f3sito de construir un modelo de\u00a0hospitalidad regenerativa, m\u00e1s profesional, consciente y sostenible.<\/p>\n<p style=\"font-weight: 400;\">Durante los dos d\u00edas del evento, de la mano de los expositores Nacho Albiol, Daniel Zammata y Xavier C\u00e1rdenas, los participantes podr\u00e1n\u00a0anticiparse a los cambios normativos,\u00a0mejorar su gesti\u00f3n e ingresos,\u00a0fortalecer su marca profesional\u00a0y\u00a0crear alianzas estrat\u00e9gicas\u00a0con l\u00edderes del ecosistema.<\/p>\n<p style=\"font-weight: 400;\">Adem\u00e1s del contenido acad\u00e9mico y las mesas de di\u00e1logo, Conexi\u00f3n Wave Fest integrar\u00e1 experiencias de <em>networking<\/em>, actividades ambientales y una gala especial bajo el concepto\u00a0\u201cCuando todo se conecta, todo se eleva\u201d, consolidando su propuesta como el evento m\u00e1s relevante del a\u00f1o para el ecosistema de rentas cortas.<\/p>\n<p style=\"font-weight: 400;\"><strong>Apoyo<\/strong><\/p>\n<p style=\"font-weight: 400;\">El encuentro cuenta con el respaldo de\u00a0 ICNEA, PriceLabs, Hostify, Guesty y Dolin Dive, y con la participaci\u00f3n de reconocidos expertos del sector como\u00a0Xavier C\u00e1rdenas, es cofundador y asesor se STR\u00a0 Hospitality Advisory Group y cofundador de Asohost y Expohost; Gabriel Gonz\u00e1lez,\u00a0Oscar Oviedo, Reyna Echenique, Gian Rene Padilla\u00a0y\u00a0Omar Covarrubias, entre otros destacados ponentes nacionales e internacionales.<\/p>\n<p style=\"font-weight: 400;\">Las personas interesadas en\u00a0 asistir a este evento pueden adquirir sus boletas en la plataforma\u00a0<a href=\"http:\/\/www.boletosexpress.com\/\" data-saferedirecturl=\"https:\/\/www.google.com\/url?q=http:\/\/www.boletosexpress.com\/&amp;source=gmail&amp;ust=1761847565655000&amp;usg=AOvVaw1v3-sPM-h-88-ReacO1gEg\">www.boletosexpress.com<\/a>. Tambi\u00e9n pueden comunicarse al correo\u00a0<a href=\"mailto:hola@conexionwave.com\">hola@conexionwave.com<\/a>\u00a0y al celular (829) 927-0802.<\/p>\n<p>&nbsp;<\/p>\n","protected":false},"excerpt":{"rendered":"<p>El auge de las rentas cortas en Rep\u00fablica Dominicana es innegable. M\u00e1s de 51,000 unidades activas (seg\u00fan informes de AirDNA\/PriceLabs) muestran el dinamismo de un sector que contin\u00faa creciendo sin pausa. Sin embargo, en destinos como\u00a0Nueva York, en Estados Unidos\u00a0o\u00a0Barcelona, en Espa\u00f1a nuevas regulaciones han paralizado miles de operaciones. \u00bfPodr\u00eda ocurrir algo similar aqu\u00ed? Esta [&hellip;]<\/p>\n","protected":false},"author":9,"featured_media":12552,"comment_status":"closed","ping_status":"closed","sticky":false,"template":"","format":"standard","meta":{"footnotes":""},"categories":[14],"tags":[5132,5131,102,5130],"class_list":["post-12551","post","type-post","status-publish","format-standard","has-post-thumbnail","hentry","category-notas-de-prensa","tag-asociacion-dominicana-de-rentas-cortas","tag-conexion-wave-fest-2025","tag-punta-cana","tag-wave-fest"],"_links":{"self":[{"href":"https:\/\/www.foodieandtraveler.com\/index.php\/wp-json\/wp\/v2\/posts\/12551","targetHints":{"allow":["GET"]}}],"collection":[{"href":"https:\/\/www.foodieandtraveler.com\/index.php\/wp-json\/wp\/v2\/posts"}],"about":[{"href":"https:\/\/www.foodieandtraveler.com\/index.php\/wp-json\/wp\/v2\/types\/post"}],"author":[{"embeddable":true,"href":"https:\/\/www.foodieandtraveler.com\/index.php\/wp-json\/wp\/v2\/users\/9"}],"replies":[{"embeddable":true,"href":"https:\/\/www.foodieandtraveler.com\/index.php\/wp-json\/wp\/v2\/comments?post=12551"}],"version-history":[{"count":0,"href":"https:\/\/www.foodieandtraveler.com\/index.php\/wp-json\/wp\/v2\/posts\/12551\/revisions"}],"wp:featuredmedia":[{"embeddable":true,"href":"https:\/\/www.foodieandtraveler.com\/index.php\/wp-json\/wp\/v2\/media\/12552"}],"wp:attachment":[{"href":"https:\/\/www.foodieandtraveler.com\/index.php\/wp-json\/wp\/v2\/media?parent=12551"}],"wp:term":[{"taxonomy":"category","embeddable":true,"href":"https:\/\/www.foodieandtraveler.com\/index.php\/wp-json\/wp\/v2\/categories?post=12551"},{"taxonomy":"post_tag","embeddable":true,"href":"https:\/\/www.foodieandtraveler.com\/index.php\/wp-json\/wp\/v2\/tags?post=12551"}],"curies":[{"name":"wp","href":"https:\/\/api.w.org\/{rel}","templated":true}]}}