{"id":12418,"date":"2025-10-10T14:08:41","date_gmt":"2025-10-10T18:08:41","guid":{"rendered":"https:\/\/www.foodieandtraveler.com\/?p=12418"},"modified":"2025-10-10T14:37:03","modified_gmt":"2025-10-10T18:37:03","slug":"trans-sandona-mas-de-80-anos-conectando-a-narino-con-calidad-y-compromiso","status":"publish","type":"post","link":"https:\/\/www.foodieandtraveler.com\/index.php\/trans-sandona-mas-de-80-anos-conectando-a-narino-con-calidad-y-compromiso\/","title":{"rendered":"Trans Sandon\u00e1, m\u00e1s de 80 a\u00f1os conectando a Nari\u00f1o con calidad y compromiso"},"content":{"rendered":"<div data-breakout=\"normal\">\n<p id=\"viewer-q0y8z1\" class=\"-kA22 pbpjT YY-zb _3DWex\" dir=\"auto\"><span class=\"k6Gbk\">Con m\u00e1s de ocho d\u00e9cadas de historia, Trans Sandon\u00e1 se ha consolidado como la empresa de transporte m\u00e1s importante de Nari\u00f1o, un referente de confianza, seguridad y servicio para la regi\u00f3n. Fundada hace m\u00e1s de 80 a\u00f1os, la compa\u00f1\u00eda ha acompa\u00f1ado el desarrollo social y econ\u00f3mico del departamento, conectando a miles de familias, turistas y comunidades con las principales ciudades del sur del pa\u00eds.<\/span><\/p>\n<\/div>\n<div data-hook=\"rcv-block2\"><\/div>\n<div data-breakout=\"normal\">\n<p id=\"viewer-e0vvn4\" class=\"-kA22 pbpjT YY-zb _3DWex\" dir=\"auto\"><span class=\"k6Gbk\">Su prestigio se vio reflejado recientemente al ser la empresa oficial de transporte durante el fam trip organizado por la Organizaci\u00f3n Mundial de Periodismo Tur\u00edstico (OMPT) en Nari\u00f1o, realizado tras la 10.\u00aa edici\u00f3n del Premio Internacional Pasaporte Abierto y el 14.\u00ba Congreso Internacional de Periodistas y Profesionales del Turismo. Durante estas actividades, Trans Sandon\u00e1 fue la encargada de trasladar a los periodistas y delegados internacionales, garantizando puntualidad, comodidad y un servicio de primer nivel.<\/span><\/p>\n<\/div>\n<div data-hook=\"rcv-block4\"><\/div>\n<div data-breakout=\"normal\">\n<p id=\"viewer-mnzcp7\" class=\"-kA22 pbpjT YY-zb _3DWex\" dir=\"auto\"><span class=\"k6Gbk\">La empresa no solo destaca por su flota moderna y segura, sino tambi\u00e9n por su compromiso con la comunidad. A lo largo de su historia ha sido aliada del progreso regional, apoyando actividades culturales, sociales y tur\u00edsticas que fortalecen la identidad de Nari\u00f1o.<\/span><\/p>\n<\/div>\n<div data-hook=\"rcv-block6\"><\/div>\n<div data-breakout=\"normal\">\n<p id=\"viewer-eqmmy10\" class=\"-kA22 pbpjT YY-zb _3DWex\" dir=\"auto\"><span class=\"k6Gbk\">Con una filosof\u00eda basada en la excelencia, la innovaci\u00f3n y el respeto por sus pasajeros, Trans Sandon\u00e1 reafirma su papel como orgullo del transporte nari\u00f1ense y como motor de integraci\u00f3n para el departamento.<\/span><\/p>\n<\/div>\n<div data-hook=\"rcv-block8\"><\/div>\n<div data-breakout=\"normal\">\n<p id=\"viewer-jlhco13\" class=\"-kA22 pbpjT YY-zb _3DWex\" dir=\"auto\"><span class=\"k6Gbk\"> \u201cTrans Sandon\u00e1 no es solo una empresa de transporte: es una parte esencial de la historia y el desarrollo de Nari\u00f1o\u201d, afirman directivos y usuarios que reconocen su papel en la vida cotidiana y en los grandes acontecimientos de la regi\u00f3n.<\/span><\/p>\n<\/div>\n","protected":false},"excerpt":{"rendered":"<p>Con m\u00e1s de ocho d\u00e9cadas de historia, Trans Sandon\u00e1 se ha consolidado como la empresa de transporte m\u00e1s importante de Nari\u00f1o, un referente de confianza, seguridad y servicio para la regi\u00f3n. Fundada hace m\u00e1s de 80 a\u00f1os, la compa\u00f1\u00eda ha acompa\u00f1ado el desarrollo social y econ\u00f3mico del departamento, conectando a miles de familias, turistas y [&hellip;]<\/p>\n","protected":false},"author":9,"featured_media":12419,"comment_status":"closed","ping_status":"closed","sticky":false,"template":"","format":"standard","meta":{"footnotes":""},"categories":[4090,48],"tags":[141,4840,5056,5062,5073,5074],"class_list":["post-12418","post","type-post","status-publish","format-standard","has-post-thumbnail","hentry","category-travel","category-turismo","tag-colombia","tag-narino","tag-pasto","tag-sandona","tag-trans-sandona","tag-transporte-sandona"],"_links":{"self":[{"href":"https:\/\/www.foodieandtraveler.com\/index.php\/wp-json\/wp\/v2\/posts\/12418","targetHints":{"allow":["GET"]}}],"collection":[{"href":"https:\/\/www.foodieandtraveler.com\/index.php\/wp-json\/wp\/v2\/posts"}],"about":[{"href":"https:\/\/www.foodieandtraveler.com\/index.php\/wp-json\/wp\/v2\/types\/post"}],"author":[{"embeddable":true,"href":"https:\/\/www.foodieandtraveler.com\/index.php\/wp-json\/wp\/v2\/users\/9"}],"replies":[{"embeddable":true,"href":"https:\/\/www.foodieandtraveler.com\/index.php\/wp-json\/wp\/v2\/comments?post=12418"}],"version-history":[{"count":0,"href":"https:\/\/www.foodieandtraveler.com\/index.php\/wp-json\/wp\/v2\/posts\/12418\/revisions"}],"wp:featuredmedia":[{"embeddable":true,"href":"https:\/\/www.foodieandtraveler.com\/index.php\/wp-json\/wp\/v2\/media\/12419"}],"wp:attachment":[{"href":"https:\/\/www.foodieandtraveler.com\/index.php\/wp-json\/wp\/v2\/media?parent=12418"}],"wp:term":[{"taxonomy":"category","embeddable":true,"href":"https:\/\/www.foodieandtraveler.com\/index.php\/wp-json\/wp\/v2\/categories?post=12418"},{"taxonomy":"post_tag","embeddable":true,"href":"https:\/\/www.foodieandtraveler.com\/index.php\/wp-json\/wp\/v2\/tags?post=12418"}],"curies":[{"name":"wp","href":"https:\/\/api.w.org\/{rel}","templated":true}]}}