{"id":12279,"date":"2025-09-09T19:32:17","date_gmt":"2025-09-09T23:32:17","guid":{"rendered":"https:\/\/www.foodieandtraveler.com\/?p=12279"},"modified":"2025-09-09T19:32:17","modified_gmt":"2025-09-09T23:32:17","slug":"summer-privee-ilumina-playa-nueva-romana-con-una-noche-magica-de-musica-y-lujo","status":"publish","type":"post","link":"https:\/\/www.foodieandtraveler.com\/index.php\/summer-privee-ilumina-playa-nueva-romana-con-una-noche-magica-de-musica-y-lujo\/","title":{"rendered":"Summer Priv\u00e9e ilumina Playa Nueva Romana con una noche m\u00e1gica de m\u00fasica y lujo"},"content":{"rendered":"<div>\n<p><span lang=\"ES\">En una atm\u00f3sfera exclusiva, y con la calidez t\u00edpica de una noche de verano, se celebr\u00f3 con rotundo \u00e9xito Summer Priv\u00e9e, un concierto \u00edntimo que reuni\u00f3 a propietarios, residentes invitados especiales, y amantes de la buena m\u00fasica de los artistas To\u00f1o Rosario y Wason Brazob\u00e1n.<\/span><\/p>\n<p><span lang=\"ES\">\u00a0<\/span><\/p>\n<p><span lang=\"ES\">El evento, organizado por 787 Gastro Bar, tuvo lugar en el majestuoso entorno de la Casa Club de Golf de Playa Nueva Romana que se transform\u00f3 en una experiencia sensorial \u00fanica bajo las estrellas, combinando arte, gastronom\u00eda y entretenimiento de alto nivel.<\/span><\/p>\n<p><span lang=\"ES\">\u00a0<\/span><\/p>\n<p><span lang=\"ES\">Los asistentes se deleitaron con el repertorio vibrante y envolvente de ambos artistas que hicieron honor a los mejores ritmos dominicanos.\u00a0<\/span><\/p>\n<p><span lang=\"ES\">\u00a0<\/span><\/p>\n<p><span lang=\"ES\">Summer Priv\u00e9e reafirma la posici\u00f3n de Playa Nueva Romana como un destino de referencia para experiencias exclusivas en la Rep\u00fablica Dominicana y contin\u00faa fortaleciendo su propuesta de valor para residentes e inversionistas.<\/span><\/p>\n<p><span lang=\"ES\">\u00a0<\/span><\/p>\n<p><span lang=\"ES\">El \u00e9xito de Summer Priv\u00e9e en Playa Nueva Romana ha sido gracias a la impecable producci\u00f3n t\u00e9cnica y log\u00edstica del evento y al apoyo de Seguros Banreservas, Gonzauto, Moe, Ron Brugal, Chivas Regal, Cer\u00e1mica El Almac\u00e9n y Almacenes Iberia.<\/span><\/p>\n<\/div>\n<div><\/div>\n","protected":false},"excerpt":{"rendered":"<p>En una atm\u00f3sfera exclusiva, y con la calidez t\u00edpica de una noche de verano, se celebr\u00f3 con rotundo \u00e9xito Summer Priv\u00e9e, un concierto \u00edntimo que reuni\u00f3 a propietarios, residentes invitados especiales, y amantes de la buena m\u00fasica de los artistas To\u00f1o Rosario y Wason Brazob\u00e1n. \u00a0 El evento, organizado por 787 Gastro Bar, tuvo lugar [&hellip;]<\/p>\n","protected":false},"author":9,"featured_media":12280,"comment_status":"closed","ping_status":"closed","sticky":false,"template":"","format":"standard","meta":{"footnotes":""},"categories":[1337,121],"tags":[5012,5011,1693,5010],"class_list":["post-12279","post","type-post","status-publish","format-standard","has-post-thumbnail","hentry","category-actividades-sociales","category-hoteles","tag-luces-y-musica","tag-noche-magica","tag-playa-nueva-romana","tag-summer-privee"],"_links":{"self":[{"href":"https:\/\/www.foodieandtraveler.com\/index.php\/wp-json\/wp\/v2\/posts\/12279","targetHints":{"allow":["GET"]}}],"collection":[{"href":"https:\/\/www.foodieandtraveler.com\/index.php\/wp-json\/wp\/v2\/posts"}],"about":[{"href":"https:\/\/www.foodieandtraveler.com\/index.php\/wp-json\/wp\/v2\/types\/post"}],"author":[{"embeddable":true,"href":"https:\/\/www.foodieandtraveler.com\/index.php\/wp-json\/wp\/v2\/users\/9"}],"replies":[{"embeddable":true,"href":"https:\/\/www.foodieandtraveler.com\/index.php\/wp-json\/wp\/v2\/comments?post=12279"}],"version-history":[{"count":0,"href":"https:\/\/www.foodieandtraveler.com\/index.php\/wp-json\/wp\/v2\/posts\/12279\/revisions"}],"wp:featuredmedia":[{"embeddable":true,"href":"https:\/\/www.foodieandtraveler.com\/index.php\/wp-json\/wp\/v2\/media\/12280"}],"wp:attachment":[{"href":"https:\/\/www.foodieandtraveler.com\/index.php\/wp-json\/wp\/v2\/media?parent=12279"}],"wp:term":[{"taxonomy":"category","embeddable":true,"href":"https:\/\/www.foodieandtraveler.com\/index.php\/wp-json\/wp\/v2\/categories?post=12279"},{"taxonomy":"post_tag","embeddable":true,"href":"https:\/\/www.foodieandtraveler.com\/index.php\/wp-json\/wp\/v2\/tags?post=12279"}],"curies":[{"name":"wp","href":"https:\/\/api.w.org\/{rel}","templated":true}]}}