{"id":12203,"date":"2025-08-06T16:18:59","date_gmt":"2025-08-06T20:18:59","guid":{"rendered":"https:\/\/www.foodieandtraveler.com\/?p=12203"},"modified":"2025-08-06T16:21:02","modified_gmt":"2025-08-06T20:21:02","slug":"jetsmart-inaugura-vuelos-directos-entre-punta-cana-y-colombia-con-tarifas-desde-30-dolares","status":"publish","type":"post","link":"https:\/\/www.foodieandtraveler.com\/index.php\/jetsmart-inaugura-vuelos-directos-entre-punta-cana-y-colombia-con-tarifas-desde-30-dolares\/","title":{"rendered":"JetSMART inaugura vuelos directos entre Punta Cana y Colombia con tarifas desde 30 d\u00f3lares"},"content":{"rendered":"<div data-olk-copy-source=\"MessageBody\">La aerol\u00ednea ultra low cost JetSMART anunci\u00f3 hoy la apertura de dos nuevas rutas internacionales que conectar\u00e1n Punta Cana (Rep\u00fablica Dominicana) con las ciudades colombianas de Medell\u00edn y Cali, marcando as\u00ed su ingreso al mercado dominicano. Los vuelos comenzar\u00e1n a operar el 5 de diciembre de 2025 y ya est\u00e1n disponibles desde $30 d\u00f3lares m\u00e1s tasas por tramo.<\/div>\n<div aria-hidden=\"true\"><\/div>\n<div>Con esta expansi\u00f3n, JetSMART suma a Rep\u00fablica Dominicana como el noveno pa\u00eds en su red de destinos y proyecta movilizar m\u00e1s de 90.000 pasajeros entre ambas rutas durante el primer a\u00f1o de operaci\u00f3n. La compa\u00f1\u00eda ofrece adem\u00e1s la posibilidad de canjear pasajes desde 4.000 millas AAdvantage\u00ae m\u00e1s tasas, gracias a su alianza con American Airlines.<\/div>\n<div aria-hidden=\"true\"><\/div>\n<div>Los vuelos hacia Medell\u00edn operar\u00e1n los lunes, jueves y domingos, mientras que la ruta hacia Cali tendr\u00e1 frecuencias los mi\u00e9rcoles, viernes y s\u00e1bados. El tiempo estimado de vuelo es de 2 horas 40 minutos a Medell\u00edn y 3 horas a Cali.<\/div>\n<div aria-hidden=\"true\"><\/div>\n<div>\u201cEste es un paso clave para mejorar la conectividad del Caribe con Sudam\u00e9rica a precios accesibles\u201d, se\u00f1al\u00f3 Ver\u00f3nica Marambio \u00c1lvarez, Gerente Comercial de Mercados Internacionales de JetSMART. Por su parte, Carmen Caballero, presidenta de ProColombia, destac\u00f3 que esta expansi\u00f3n \u201cfortalece la red internacional de Colombia y diversifica los mercados emisores de viajeros\u201d.<\/div>\n<div aria-hidden=\"true\"><\/div>\n<div>Adem\u00e1s de conectar con Colombia, las nuevas rutas desde Punta Cana permitir\u00e1n a los pasajeros acceder a destinos como Bogot\u00e1 y Santiago de Chile mediante conexiones internas de JetSMART.<\/div>\n<div aria-hidden=\"true\"><\/div>\n<div>JetSMART opera actualmente m\u00e1s de 80 rutas en Sudam\u00e9rica y ha sido reconocida en tres ocasiones como la Mejor Aerol\u00ednea Low Cost de la regi\u00f3n por los World Airline Awards de Skytrax. Desde su fundaci\u00f3n en 2016, ha transportado a m\u00e1s de 42 millones de pasajeros con una flota de 49 aviones Airbus A320 y A321, considerada la m\u00e1s joven del continente.<\/div>\n<div aria-hidden=\"true\"><\/div>\n","protected":false},"excerpt":{"rendered":"<p>La aerol\u00ednea ultra low cost JetSMART anunci\u00f3 hoy la apertura de dos nuevas rutas internacionales que conectar\u00e1n Punta Cana (Rep\u00fablica Dominicana) con las ciudades colombianas de Medell\u00edn y Cali, marcando as\u00ed su ingreso al mercado dominicano. Los vuelos comenzar\u00e1n a operar el 5 de diciembre de 2025 y ya est\u00e1n disponibles desde $30 d\u00f3lares m\u00e1s [&hellip;]<\/p>\n","protected":false},"author":9,"featured_media":12204,"comment_status":"closed","ping_status":"closed","sticky":false,"template":"","format":"standard","meta":{"footnotes":""},"categories":[2843,3155,4090,48],"tags":[3577,3943,141,4976,4977,102,4978],"class_list":["post-12203","post","type-post","status-publish","format-standard","has-post-thumbnail","hentry","category-aerolineas","category-aeropuertos","category-travel","category-turismo","tag-aerolinea","tag-bogota","tag-colombia","tag-jetsmart","tag-mejor-aerolinea-low-cost","tag-punta-cana","tag-world-airline-awards-de-skytrax"],"_links":{"self":[{"href":"https:\/\/www.foodieandtraveler.com\/index.php\/wp-json\/wp\/v2\/posts\/12203","targetHints":{"allow":["GET"]}}],"collection":[{"href":"https:\/\/www.foodieandtraveler.com\/index.php\/wp-json\/wp\/v2\/posts"}],"about":[{"href":"https:\/\/www.foodieandtraveler.com\/index.php\/wp-json\/wp\/v2\/types\/post"}],"author":[{"embeddable":true,"href":"https:\/\/www.foodieandtraveler.com\/index.php\/wp-json\/wp\/v2\/users\/9"}],"replies":[{"embeddable":true,"href":"https:\/\/www.foodieandtraveler.com\/index.php\/wp-json\/wp\/v2\/comments?post=12203"}],"version-history":[{"count":0,"href":"https:\/\/www.foodieandtraveler.com\/index.php\/wp-json\/wp\/v2\/posts\/12203\/revisions"}],"wp:featuredmedia":[{"embeddable":true,"href":"https:\/\/www.foodieandtraveler.com\/index.php\/wp-json\/wp\/v2\/media\/12204"}],"wp:attachment":[{"href":"https:\/\/www.foodieandtraveler.com\/index.php\/wp-json\/wp\/v2\/media?parent=12203"}],"wp:term":[{"taxonomy":"category","embeddable":true,"href":"https:\/\/www.foodieandtraveler.com\/index.php\/wp-json\/wp\/v2\/categories?post=12203"},{"taxonomy":"post_tag","embeddable":true,"href":"https:\/\/www.foodieandtraveler.com\/index.php\/wp-json\/wp\/v2\/tags?post=12203"}],"curies":[{"name":"wp","href":"https:\/\/api.w.org\/{rel}","templated":true}]}}