{"id":12187,"date":"2025-08-01T07:42:24","date_gmt":"2025-08-01T11:42:24","guid":{"rendered":"https:\/\/www.foodieandtraveler.com\/?p=12187"},"modified":"2025-08-01T07:42:40","modified_gmt":"2025-08-01T11:42:40","slug":"vistas-publicas-para-punta-bergantin-provocan-expresiones-de-apoyo-para-el-proyecto","status":"publish","type":"post","link":"https:\/\/www.foodieandtraveler.com\/index.php\/vistas-publicas-para-punta-bergantin-provocan-expresiones-de-apoyo-para-el-proyecto\/","title":{"rendered":"Vistas p\u00fablicas para Punta Bergant\u00edn provocan expresiones de apoyo para el proyecto"},"content":{"rendered":"<div>\n<p><span lang=\"ES\">La vista p\u00fablica para presentar a las autoridades, dirigentes comunitarios, periodistas y otros interesados de la regi\u00f3n las caracter\u00edsticas de los primero cuatro hoteles del complejo tur\u00edstico Punta Bergant\u00edn y los resultados del estudio de impacto ambiental, se convirti\u00f3 en una reuni\u00f3n en la cual todos los que pidieron la palabra incluyeron expresiones de acogida a esta iniciativa.<\/span><\/p>\n<\/div>\n<div>\n<p><span lang=\"ES\">Incluso experimentados profesionales del turismo, periodista y dirigentes comunitarios de la provincia Puerto Plata como Julio Almonte, Oscar Lora, Edward Capell\u00e1n, Felipe Santiago, Cesar Jos\u00e9 de los Santos y Luis S\u00e1nchez, coincidieron en que el complejo tur\u00edstico se convertir\u00e1 en un relanzamiento de la industria tur\u00edstica de la Costa Norte.<\/span><\/p>\n<\/div>\n<div>\n<p>Los establecimientos presentados fueron: <b>Hotel Jardines del <\/b><b><span lang=\"es-419\">\u00c1mbar, Hotel Vista del Atl\u00e1ntico, Hotel Valle Esmeralda y Hotel Costa Dorada, \u201c<\/span><\/b><span lang=\"es-419\">previstos a ser operados con las marcas Westin, W, Meli\u00e1 y Hilton, <\/span>contar\u00e1n con 500 habitaciones, y comparten una visi\u00f3n com\u00fan de sostenibilidad\u201d.<\/p>\n<\/div>\n<div>\n<p><span lang=\"ES\">El alcalde de Villa Montellano, H\u00e9ctor Rafael Almonte Santana, expres\u00f3 la positiva expectativa que tiene la comunidad de que el desarrollo de Punta Bergant\u00edn tendr\u00e1 un impacto positivo para la regi\u00f3n y promover\u00e1 una nueva din\u00e1mica de desarrollo en la zona.<\/span><\/p>\n<\/div>\n<div>\n<p><b><span lang=\"ES\">Di\u00e1logo con la comunidad<\/span><\/b><\/p>\n<\/div>\n<div>\n<p><span lang=\"ES\">Andr\u00e9s Marranzini, director del proyecto, destac\u00f3 la importancia que tiene este encuentro con las autoridades, empresarios, comunitarios y periodistas y el encuentro que cumple con un requisito de la ley de medioambiente.<\/span><\/p>\n<\/div>\n<div>\n<p><span lang=\"ES\">M\u00e1s que una obligaci\u00f3n \u2013 dijo -, la vista p\u00fablica es un requisito legal para el Fideicomiso Punta Bergant\u00edn que encabeza el Banco de Reservas, esta reuni\u00f3n da continuidad a la estrategia de di\u00e1logo con la comunidad. <\/span><\/p>\n<\/div>\n<div>\n<p><span lang=\"ES\">\u201cEsto es\u201d, explic\u00f3 Marranzini \u201cun instrumento de la consulta que promueve la participaci\u00f3n amplia de los interesados en el proyecto Punta Bergant\u00edn, y es para quienes lo dirigen una oportunidad para escuchar las observaciones de la comunidad, que siempre se tomar\u00e1n en cuenta\u201d.<\/span><\/p>\n<\/div>\n<div>\n<p><span lang=\"ES\">Indic\u00f3 que la reuni\u00f3n fue convocada para presentar las caracter\u00edsticas del proyecto a la comunidad, conocer las inquietudes que pueda generar, informar sobre los potenciales impactos ambientales y fortalecer la comunicaci\u00f3n del proyecto con la comunidad y la provincia \u2014lo cual se ha promovido desde el primer d\u00eda, y as\u00ed continuar\u00e1.<\/span><\/p>\n<\/div>\n<div>\n<p><span lang=\"es-419\">Marranzini explic\u00f3 que tiene la esperanza de que los procesos de aprobaci\u00f3n concluyan en el transcurso de este a\u00f1o y que, a inicios de 2026, comience la construcci\u00f3n de los hoteles, los cuales estar\u00e1n en el mercado para la temporada alta 2027-2028.<\/span><\/p>\n<\/div>\n<div>\n<p><b><span lang=\"ES\">Aprovechar el encanto natural <\/span><\/b><b><\/b><\/p>\n<\/div>\n<div>\n<p>La ingeniera Mariel Rodr\u00edguez describi\u00f3 a Punta Bergant\u00edn \u201ccomo un proyecto de desarrollo tur\u00edstico compuesto por hoteles cinco estrellas, integrados dentro de un mismo m\u00e1ster plan, concebido bajo un modelo ecoamigable, con un firme compromiso de conservar los recursos naturales de la zona y ofrecer un producto que combine lujo, sostenibilidad y experiencias aut\u00e9nticas, aprovechando el encanto natural del entorno\u201d.<\/p>\n<\/div>\n<div>\n<p>Las habitaciones se distribuir\u00e1n en edificios de hasta siete niveles, y estas alturas se incrementan conforme se alejan de la costa, con el objetivo de no obstruir las vistas al mar y favorecer una integraci\u00f3n arm\u00f3nica con el paisaje natural.<\/p>\n<\/div>\n<div>\n<p>Tendr\u00e1 \u00e1reas sociales y recreativas con piscinas, restaurantes, snack bar, spa, gimnasio, salones de eventos y club de playa, con est\u00e1ndares internacionales y en coherencia con el entorno. Los espacios exteriores ser\u00e1n dise\u00f1ados para interactuar de forma respetuosa con el paisaje circundante, incorporando elementos naturales que fortalezcan la experiencia ambiental y contribuyan a su preservaci\u00f3n.<\/p>\n<\/div>\n<div>\n<p><b>Materiales de bajo impacto ambiental<\/b><\/p>\n<\/div>\n<div>\n<p>Se priorizar\u00e1 el uso de materiales locales, renovables y de bajo impacto ambiental, as\u00ed como materiales certificados ecol\u00f3gicamente, tales como madera de origen sostenible, pinturas con bajo contenido de compuestos org\u00e1nicos vol\u00e1tiles (COV) y sistemas de aislamiento t\u00e9rmico eficiente.<\/p>\n<\/div>\n<div>\n<p>Adem\u00e1s, se fomentar\u00e1 la utilizaci\u00f3n de materiales reciclados, reciclables o biodegradables en diversas etapas del proceso constructivo. En las \u00e1reas exteriores y senderos se emplear\u00e1n pavimentos permeables que permitir\u00e1n la infiltraci\u00f3n natural del agua de lluvia, reduciendo la escorrent\u00eda superficial y respetando el ciclo h\u00eddrico de la regi\u00f3n.<\/p>\n<\/div>\n<div>\n<p>El sistema de tratamiento de aguas residuales ser\u00e1 centralizado, gestionado por el Fideicomiso Punta Bergant\u00edn. Esto permitir\u00e1 que los hoteles se conecten directamente al sistema institucional, sin necesidad de construir plantas individuales, garantizando una gesti\u00f3n eficiente, aprobada por las autoridades ambientales.<\/p>\n<\/div>\n","protected":false},"excerpt":{"rendered":"<p>La vista p\u00fablica para presentar a las autoridades, dirigentes comunitarios, periodistas y otros interesados de la regi\u00f3n las caracter\u00edsticas de los primero cuatro hoteles del complejo tur\u00edstico Punta Bergant\u00edn y los resultados del estudio de impacto ambiental, se convirti\u00f3 en una reuni\u00f3n en la cual todos los que pidieron la palabra incluyeron expresiones de acogida [&hellip;]<\/p>\n","protected":false},"author":9,"featured_media":12188,"comment_status":"closed","ping_status":"closed","sticky":false,"template":"","format":"standard","meta":{"footnotes":""},"categories":[3661,48],"tags":[3490,254,4158,116],"class_list":["post-12187","post","type-post","status-publish","format-standard","has-post-thumbnail","hentry","category-sector-hotelero","category-turismo","tag-andres-marranzini","tag-puerto-plata","tag-punta-bergantin","tag-turismo"],"_links":{"self":[{"href":"https:\/\/www.foodieandtraveler.com\/index.php\/wp-json\/wp\/v2\/posts\/12187","targetHints":{"allow":["GET"]}}],"collection":[{"href":"https:\/\/www.foodieandtraveler.com\/index.php\/wp-json\/wp\/v2\/posts"}],"about":[{"href":"https:\/\/www.foodieandtraveler.com\/index.php\/wp-json\/wp\/v2\/types\/post"}],"author":[{"embeddable":true,"href":"https:\/\/www.foodieandtraveler.com\/index.php\/wp-json\/wp\/v2\/users\/9"}],"replies":[{"embeddable":true,"href":"https:\/\/www.foodieandtraveler.com\/index.php\/wp-json\/wp\/v2\/comments?post=12187"}],"version-history":[{"count":0,"href":"https:\/\/www.foodieandtraveler.com\/index.php\/wp-json\/wp\/v2\/posts\/12187\/revisions"}],"wp:featuredmedia":[{"embeddable":true,"href":"https:\/\/www.foodieandtraveler.com\/index.php\/wp-json\/wp\/v2\/media\/12188"}],"wp:attachment":[{"href":"https:\/\/www.foodieandtraveler.com\/index.php\/wp-json\/wp\/v2\/media?parent=12187"}],"wp:term":[{"taxonomy":"category","embeddable":true,"href":"https:\/\/www.foodieandtraveler.com\/index.php\/wp-json\/wp\/v2\/categories?post=12187"},{"taxonomy":"post_tag","embeddable":true,"href":"https:\/\/www.foodieandtraveler.com\/index.php\/wp-json\/wp\/v2\/tags?post=12187"}],"curies":[{"name":"wp","href":"https:\/\/api.w.org\/{rel}","templated":true}]}}