{"id":12030,"date":"2025-06-16T13:00:41","date_gmt":"2025-06-16T17:00:41","guid":{"rendered":"https:\/\/www.foodieandtraveler.com\/?p=12030"},"modified":"2025-06-16T13:09:00","modified_gmt":"2025-06-16T17:09:00","slug":"playa-nueva-romana-destaca-en-la-feria-inmobiliaria-sima-2025-de-madrid","status":"publish","type":"post","link":"https:\/\/www.foodieandtraveler.com\/index.php\/playa-nueva-romana-destaca-en-la-feria-inmobiliaria-sima-2025-de-madrid\/","title":{"rendered":"Playa Nueva Romana destaca en la Feria Inmobiliaria Sima 2025 de Madrid"},"content":{"rendered":"<p style=\"font-weight: 400;\">Playa Nueva Romana, el exclusivo complejo residencial del Grupo Pi\u00f1ero en la Rep\u00fablica Dominicana, particip\u00f3 recientemente en la edici\u00f3n 2025 del Sal\u00f3n Inmobiliario Internacional de Madrid \u2013 SIMA-, una de las ferias de Real Estate m\u00e1s importantes de Europa.<\/p>\n<p style=\"font-weight: 400;\">En un moderno y llamativo stand, y bajo el concepto \u201cTu Estilo de Vivir\u201d, la delegaci\u00f3n comercial de Playa Nueva Romana present\u00f3 su amplia oferta inmobiliaria como una opci\u00f3n atractiva y segura para inversionistas interesados en el mercado dominicano.<\/p>\n<p style=\"font-weight: 400;\">Exhibiendo sus desarrollos m\u00e1s destacados, incluyendo proyectos como <em>The Lake<\/em>, <em>Sotavento Beach Townhouses<\/em>, <em>Central Park y El residencial ofreci\u00f3 <\/em>una variedad de opciones de viviendas con vistas al campo de golf y situadas en entornos naturales privilegiados, y con amenidades complementarias que brindan bienestar, lujo, comodidad y sostenibilidad.<\/p>\n<p style=\"font-weight: 400;\"><em>\u201cNuestra participaci\u00f3n en SIMA 2025 super\u00f3 todas las expectativas<\/em><em> y el objetivo de acercar la oferta de Playa Nueva Romana al mercado espa\u00f1ol y europeo ha sido exitoso.<\/em><em> Recibimos un alto inter\u00e9s de parte de inversionistas <\/em><em>y posibles clientes que <\/em><em>valoran el potencial <\/em><em>de nuestro residencial <\/em><em>como un destino de <\/em><em>primera y s<\/em><em>egunda residencia, retiro o inversi\u00f3n\u201d<\/em>, expres\u00f3 Rosa Lilly Zapata, directora comercial y marketing de Playa Nueva Romana.<\/p>\n<p style=\"font-weight: 400;\">La feria fue una plataforma estrat\u00e9gica para establecer relaciones comerciales, concretar alianzas y posicionar Playa Nueva Romana como una de las principales opciones residenciales en Rep\u00fablica Dominicana, fortaleciendo la proyecci\u00f3n del pa\u00eds como un destino de turismo inmobiliario seguro y en constante crecimiento.<\/p>\n<p style=\"font-weight: 400;\">Este a\u00f1o SIMA cerr\u00f3 su edici\u00f3n 26 con cifras r\u00e9cord de 350 expositores, m\u00e1s de 21.000 visitantes y representaciones comerciales de 35 pa\u00edses.<\/p>\n","protected":false},"excerpt":{"rendered":"<p>Playa Nueva Romana, el exclusivo complejo residencial del Grupo Pi\u00f1ero en la Rep\u00fablica Dominicana, particip\u00f3 recientemente en la edici\u00f3n 2025 del Sal\u00f3n Inmobiliario Internacional de Madrid \u2013 SIMA-, una de las ferias de Real Estate m\u00e1s importantes de Europa. En un moderno y llamativo stand, y bajo el concepto \u201cTu Estilo de Vivir\u201d, la delegaci\u00f3n [&hellip;]<\/p>\n","protected":false},"author":9,"featured_media":12031,"comment_status":"closed","ping_status":"closed","sticky":false,"template":"","format":"standard","meta":{"footnotes":""},"categories":[121,48],"tags":[3584,3468,205,1112,1693],"class_list":["post-12030","post","type-post","status-publish","format-standard","has-post-thumbnail","hentry","category-hoteles","category-turismo","tag-feria","tag-grupo-pinero","tag-hotel","tag-madrid","tag-playa-nueva-romana"],"_links":{"self":[{"href":"https:\/\/www.foodieandtraveler.com\/index.php\/wp-json\/wp\/v2\/posts\/12030","targetHints":{"allow":["GET"]}}],"collection":[{"href":"https:\/\/www.foodieandtraveler.com\/index.php\/wp-json\/wp\/v2\/posts"}],"about":[{"href":"https:\/\/www.foodieandtraveler.com\/index.php\/wp-json\/wp\/v2\/types\/post"}],"author":[{"embeddable":true,"href":"https:\/\/www.foodieandtraveler.com\/index.php\/wp-json\/wp\/v2\/users\/9"}],"replies":[{"embeddable":true,"href":"https:\/\/www.foodieandtraveler.com\/index.php\/wp-json\/wp\/v2\/comments?post=12030"}],"version-history":[{"count":0,"href":"https:\/\/www.foodieandtraveler.com\/index.php\/wp-json\/wp\/v2\/posts\/12030\/revisions"}],"wp:featuredmedia":[{"embeddable":true,"href":"https:\/\/www.foodieandtraveler.com\/index.php\/wp-json\/wp\/v2\/media\/12031"}],"wp:attachment":[{"href":"https:\/\/www.foodieandtraveler.com\/index.php\/wp-json\/wp\/v2\/media?parent=12030"}],"wp:term":[{"taxonomy":"category","embeddable":true,"href":"https:\/\/www.foodieandtraveler.com\/index.php\/wp-json\/wp\/v2\/categories?post=12030"},{"taxonomy":"post_tag","embeddable":true,"href":"https:\/\/www.foodieandtraveler.com\/index.php\/wp-json\/wp\/v2\/tags?post=12030"}],"curies":[{"name":"wp","href":"https:\/\/api.w.org\/{rel}","templated":true}]}}