{"id":12024,"date":"2025-06-13T10:32:24","date_gmt":"2025-06-13T14:32:24","guid":{"rendered":"https:\/\/www.foodieandtraveler.com\/?p=12024"},"modified":"2025-06-13T10:34:18","modified_gmt":"2025-06-13T14:34:18","slug":"arajet-presenta-nueva-ruta-de-boston-a-santo-domingo","status":"publish","type":"post","link":"https:\/\/www.foodieandtraveler.com\/index.php\/arajet-presenta-nueva-ruta-de-boston-a-santo-domingo\/","title":{"rendered":"Arajet presenta nueva ruta de Boston a Santo Domingo"},"content":{"rendered":"<p class=\"x_MsoNormal\"><span lang=\"ES\" data-olk-copy-source=\"MessageBody\">El pasado 11 de junio, la aerol\u00ednea dominicana Arajet fue recibida en Boston en una conferencia de prensa en el Consulado General de la Rep\u00fablica Dominicana en Boston, antes de su pr\u00f3ximo vuelo directo desde el Aeropuerto Internacional Logan de Boston (BOS) al Aeropuerto Las Am\u00e9ricas de Santo Domingo (SDQ). La nueva ruta directa prestar\u00e1 servicio a las comunidades tur\u00edsticas y latinoamericanas de Nueva Inglaterra con tarifas desde $170 d\u00f3lares por trayecto. Los vuelos comenzar\u00e1n el 20 de noviembre y ya est\u00e1n a la venta en Arajet.com.<\/span><\/p>\n<p class=\"x_MsoNormal\"><span lang=\"ES\">\u201cLanzar este nuevo vuelo directo a Boston, va m\u00e1s all\u00e1 de expandir nuestro negocio; se trata de tender un puente entre nuestras comunidades\u201d, declar\u00f3 V\u00edctor Pacheco, director ejecutivo y fundador de Arajet. \u201cEstamos atendiendo a la gran di\u00e1spora latina y dominicana en Massachussets, ofreciendo opciones de vuelo m\u00e1s asequibles y convenientes para que las familias puedan reconectarse y los viajeros puedan explorar la Rep\u00fablica Dominicana y m\u00e1s all\u00e1\u201d. <\/span><\/p>\n<p class=\"x_MsoNormal\"><span lang=\"ES\">Durante el evento, Antonio Almonte, C\u00f3nsul General de la Rep\u00fablica Dominicana en Boston, Massachusetts, declar\u00f3: \u201cLa inauguraci\u00f3n de los vuelos directos de Arajet entre Santo Domingo y Boston representa un momento hist\u00f3rico para nuestra comunidad dominicana en esta ciudad y en toda la regi\u00f3n de Nueva Inglaterra. Este logro es fruto del compromiso del presidente Luis Abinader, quien, a trav\u00e9s del Acuerdo de Cielos Abiertos, ha hecho posible que compa\u00f1\u00edas como Arajet lancen nuevas opciones para que los dominicanos de esta regi\u00f3n puedan viajar a precios m\u00e1s asequibles y en mejores condiciones\u201d.<\/span><\/p>\n<p class=\"x_MsoNormal\"><span lang=\"ES\">A medida que Arajet se expande r\u00e1pidamente en Estados Unidos, la ruta a Boston servir\u00e1 a una gran comunidad de viajeros dominicanos de la di\u00e1spora, adem\u00e1s de turistas. La c\u00e1lida bienvenida del Consulado General de la Rep\u00fablica Dominicana reconoce el servicio de Arajet a esta comunidad y su misi\u00f3n de hacer que los viajes sean m\u00e1s accesibles. <\/span><\/p>\n<p class=\"x_MsoNormal\"><span lang=\"ES\">A medida que los precios suben en la industria, el modelo eficiente y econ\u00f3mico de la aerol\u00ednea es ideal para la poblaci\u00f3n dominicana y latinoamericana de Boston, que viaja frecuentemente a casa para visitar a amigos y familiares. La nueva ruta tambi\u00e9n dar\u00e1 servicio a la creciente demanda de viajes asequibles a destinos de clima c\u00e1lido, especialmente durante los fr\u00edos meses de invierno de Nueva Inglaterra. <\/span><\/p>\n<p class=\"x_MsoNormal\"><span lang=\"ES\">\u00a0<\/span><span lang=\"ES\">Viajar ser\u00e1 m\u00e1s c\u00f3modo y econ\u00f3mico gracias a la flota de aviones Boeing 737 MAX de Arajet, reconocida por ch-aviation como la m\u00e1s joven de Norteam\u00e9rica, as\u00ed como por la facilidad log\u00edstica de conectar en Santo Domingo como centro de conexiones de Arajet, lo que facilita a los viajeros y turistas latinoamericanos conectar con m\u00e1s de 25 destinos en el Caribe, Am\u00e9rica del Norte, Am\u00e9rica Central y Am\u00e9rica del Sur.<\/span><\/p>\n<p class=\"x_MsoNormal\"><span lang=\"ES\">La ruta que conectar\u00e1 a Boston con Santo Domingo comienza a partir del 20 de noviembre de 2025, con cuatro vuelos directos semanales los mi\u00e9rcoles, jueves, viernes y domingos.<\/span><\/p>\n<p class=\"x_MsoNormal\"><span lang=\"ES\">Inf\u00f3rmese sobre Arajet o reserve un vuelo en <a title=\"Protegido por Outlook: http:\/\/www.arajet.com\/. Haz clic o pulsa para seguir el v\u00ednculo.\" href=\"https:\/\/na01.safelinks.protection.outlook.com\/?url=http%3A%2F%2Fwww.arajet.com%2F&amp;data=05%7C02%7C%7Ca351fa3b2c1c424c991408dda90a7a3c%7C84df9e7fe9f640afb435aaaaaaaaaaaa%7C1%7C0%7C638852589414462645%7CUnknown%7CTWFpbGZsb3d8eyJFbXB0eU1hcGkiOnRydWUsIlYiOiIwLjAuMDAwMCIsIlAiOiJXaW4zMiIsIkFOIjoiTWFpbCIsIldUIjoyfQ%3D%3D%7C0%7C%7C%7C&amp;sdata=mi8LvBgiEBLX%2FEcumJxKqZfFSl7ZJ%2FFvnGEtR6gSVQM%3D&amp;reserved=0\" target=\"_blank\" rel=\"noopener noreferrer\" data-auth=\"NotApplicable\" data-linkindex=\"0\">www.arajet.com<\/a>.<\/span><\/p>\n<p class=\"x_MsoNormal\"><b><span lang=\"ES\">Acerca de Arajet<\/span><\/b><\/p>\n<p class=\"x_MsoNormal\"><span lang=\"ES\">Arajet es la aerol\u00ednea insignia de Rep\u00fablica Dominicana. Tras iniciar operaciones en 2022, actualmente opera desde dos bases: el Aeropuerto de Las Am\u00e9ricas en Santo Domingo y el Aeropuerto Internacional de Punta Cana, con una nueva flota de aviones Boeing 737 MAX. La aerol\u00ednea ofrece viajes seguros y econ\u00f3micos hacia y entre la Rep\u00fablica Dominicana y diversos destinos en Am\u00e9rica del Norte, Central y del Sur, y el Caribe. Para m\u00e1s informaci\u00f3n, visite <a title=\"Protegido por Outlook: http:\/\/www.arajet.com\/. Haz clic o pulsa para seguir el v\u00ednculo.\" href=\"https:\/\/na01.safelinks.protection.outlook.com\/?url=http%3A%2F%2Fwww.arajet.com%2F&amp;data=05%7C02%7C%7Ca351fa3b2c1c424c991408dda90a7a3c%7C84df9e7fe9f640afb435aaaaaaaaaaaa%7C1%7C0%7C638852589414488814%7CUnknown%7CTWFpbGZsb3d8eyJFbXB0eU1hcGkiOnRydWUsIlYiOiIwLjAuMDAwMCIsIlAiOiJXaW4zMiIsIkFOIjoiTWFpbCIsIldUIjoyfQ%3D%3D%7C0%7C%7C%7C&amp;sdata=kz2hb8qZxiucf898HVyzX4JVMLOqakP4ibybyhZGtPI%3D&amp;reserved=0\" target=\"_blank\" rel=\"noopener noreferrer\" data-auth=\"NotApplicable\" data-linkindex=\"1\">www.arajet.com<\/a>. <\/span><\/p>\n<p class=\"x_MsoNormal\"><span lang=\"ES\">\u00a0<\/span><\/p>\n","protected":false},"excerpt":{"rendered":"<p>El pasado 11 de junio, la aerol\u00ednea dominicana Arajet fue recibida en Boston en una conferencia de prensa en el Consulado General de la Rep\u00fablica Dominicana en Boston, antes de su pr\u00f3ximo vuelo directo desde el Aeropuerto Internacional Logan de Boston (BOS) al Aeropuerto Las Am\u00e9ricas de Santo Domingo (SDQ). La nueva ruta directa prestar\u00e1 [&hellip;]<\/p>\n","protected":false},"author":9,"featured_media":12025,"comment_status":"closed","ping_status":"closed","sticky":false,"template":"","format":"standard","meta":{"footnotes":""},"categories":[2843,3155,3433],"tags":[4816,1003,1485,3722,4870,68],"class_list":["post-12024","post","type-post","status-publish","format-standard","has-post-thumbnail","hentry","category-aerolineas","category-aeropuertos","category-dominicanidad","tag-aerolinea-dominicana","tag-aerolineas","tag-aeropuertos","tag-arajet","tag-boston","tag-republica-dominicana"],"_links":{"self":[{"href":"https:\/\/www.foodieandtraveler.com\/index.php\/wp-json\/wp\/v2\/posts\/12024","targetHints":{"allow":["GET"]}}],"collection":[{"href":"https:\/\/www.foodieandtraveler.com\/index.php\/wp-json\/wp\/v2\/posts"}],"about":[{"href":"https:\/\/www.foodieandtraveler.com\/index.php\/wp-json\/wp\/v2\/types\/post"}],"author":[{"embeddable":true,"href":"https:\/\/www.foodieandtraveler.com\/index.php\/wp-json\/wp\/v2\/users\/9"}],"replies":[{"embeddable":true,"href":"https:\/\/www.foodieandtraveler.com\/index.php\/wp-json\/wp\/v2\/comments?post=12024"}],"version-history":[{"count":0,"href":"https:\/\/www.foodieandtraveler.com\/index.php\/wp-json\/wp\/v2\/posts\/12024\/revisions"}],"wp:featuredmedia":[{"embeddable":true,"href":"https:\/\/www.foodieandtraveler.com\/index.php\/wp-json\/wp\/v2\/media\/12025"}],"wp:attachment":[{"href":"https:\/\/www.foodieandtraveler.com\/index.php\/wp-json\/wp\/v2\/media?parent=12024"}],"wp:term":[{"taxonomy":"category","embeddable":true,"href":"https:\/\/www.foodieandtraveler.com\/index.php\/wp-json\/wp\/v2\/categories?post=12024"},{"taxonomy":"post_tag","embeddable":true,"href":"https:\/\/www.foodieandtraveler.com\/index.php\/wp-json\/wp\/v2\/tags?post=12024"}],"curies":[{"name":"wp","href":"https:\/\/api.w.org\/{rel}","templated":true}]}}