{"id":11780,"date":"2025-04-04T18:05:16","date_gmt":"2025-04-04T22:05:16","guid":{"rendered":"https:\/\/www.foodieandtraveler.com\/?p=11780"},"modified":"2025-04-04T18:25:38","modified_gmt":"2025-04-04T22:25:38","slug":"cuidados-importantes-para-preparar-y-restaurar-la-piel-en-semana-santa","status":"publish","type":"post","link":"https:\/\/www.foodieandtraveler.com\/index.php\/cuidados-importantes-para-preparar-y-restaurar-la-piel-en-semana-santa\/","title":{"rendered":"Cuidados importantes para preparar y restaurar la piel en Semana Santa"},"content":{"rendered":"<p class=\"x_ydpce4e9be3yiv2322640415ydpdb1d28e8yiv8692798566ydp734d710dMsoNormal\"><span data-olk-copy-source=\"MessageBody\">Los dias de asueto que se aproximan, son de los m\u00e1s esperados del a\u00f1o. Muchas personas visitan la iglesia, algunas personas descansan en casa y otras aprovechan los dias libres para vacacionar en la playa o visitar a la familia en el interior. Es importante cuidar la piel que pueda estar expuesta a factores como el sol, el cloro de las piscinas, el viento y la sal del mar. <\/span><\/p>\n<p class=\"x_ydpce4e9be3yiv2322640415ydpdb1d28e8yiv8692798566ydp734d710dMsoNormal\">\u201cEl ser humano necesita armon\u00eda en todas sus dimensiones. Cuando una de ellas est\u00e1 en desequilibrio, inevitablemente afecta a las dem\u00e1s. Debemos armonizar el esp\u00edritu, el alma y el cuerpo. <span lang=\"ES-DO\">Mantener el balance entre partes requiere que de manera consciente prestemos cuidado a cada una de ellas y para eso debemos fomentar h\u00e1bitos que vayan dirigidos a fortalecerlas individualmente\u201d, afirm\u00f3 Diaz.<\/span><\/p>\n<p class=\"x_ydpce4e9be3yiv2322640415ydpdb1d28e8yiv8692798566ydp734d710dMsoNormal\">La especialista indica que el cuerpo requiere cuidado y descanso, que incluye buena alimentaci\u00f3n, sue\u00f1o adecuado, ejercicios, hidrataci\u00f3n y tratamientos que lo fortalezcan. Dentro de estos buenos h\u00e1bitos, est\u00e1 el cuidado de la piel ante los dias de descanso que se avecinan. \u201cEs fundamental preparar la piel antes de Semana Santa y brindarle los cuidados adecuados despu\u00e9s. As\u00ed evitaremos da\u00f1os como resequedad, manchas, sensibilidad y envejecimiento prematuro\u201d.<\/p>\n<p class=\"x_ydpce4e9be3yiv2322640415ydpdb1d28e8yiv8692798566ydp734d710dMsoNormal\"><b>Consejos<\/b><\/p>\n<p class=\"x_ydpce4e9be3yiv2322640415ydpdb1d28e8yiv8692798566ydp734d710dMsoListParagraphCxSpFirst\">\u00b7\u00a0\u00a0\u00a0\u00a0\u00a0 Hidrataci\u00f3n profunda: antes de exponerte al sol, el mar o el cloro de las piscinas, es importante que tu piel est\u00e9 bien hidratada. Una piel hidratada es m\u00e1s resistente a la deshidrataci\u00f3n y al da\u00f1o ambiental. Puedes lograrlo bebiendo mucha agua, usando cremas hidratantes con \u00e1cido hialur\u00f3nico, ceramidas y glicerina, asi como realizando un tratamiento de hidrataci\u00f3n profunda en cabina para fortalecer la barrera cut\u00e1nea.<\/p>\n<p class=\"x_ydpce4e9be3yiv2322640415ydpdb1d28e8yiv8692798566ydp734d710dMsoListParagraphCxSpMiddle\">\u00b7\u00a0\u00a0\u00a0\u00a0\u00a0 Exfoliaci\u00f3n para eliminar c\u00e9lulas muertas y dejar la piel m\u00e1s receptiva para absorber los productos hidratantes y protectores. Usa un exfoliante suave dias previo a tomar sol. Evitar los peelings en los dias previos.<\/p>\n<p class=\"x_ydpce4e9be3yiv2322640415ydpdb1d28e8yiv8692798566ydp734d710dMsoListParagraphCxSpMiddle\">\u00b7\u00a0\u00a0\u00a0\u00a0\u00a0 Usa un protector solar de amplio espectro con SPF 50, incluso en dias nublados. <span lang=\"EN-US\">Reaplica cada dos horas si estar\u00e1s expuesto al sol. Prot\u00e9gete con sombreros de ala ancha, gafas de sol y <\/span>protectores t\u00e9rmicos <span lang=\"EN-US\">para el pelo. \u00a0<\/span>Tambi\u00e9n b\u00e1lsamos para los labios, que tengan protecci\u00f3n solar y no usar perfumes con alcohol, ya que, con la exposici\u00f3n al sol, se pueden desarrollar manchas.<\/p>\n<p class=\"x_ydpce4e9be3yiv2322640415ydpdb1d28e8yiv8692798566ydp734d710dMsoListParagraphCxSpMiddle\"><span lang=\"EN-US\">\u00b7\u00a0\u00a0\u00a0\u00a0\u00a0 <\/span>Despu\u00e9s de la exposici\u00f3n al sol prolongada, tu piel puede necesitar restauraci\u00f3n intensiva. Para esto debes aplicar cremas con ingredientes humectantes y reparadores. Si tienes irritaci\u00f3n o enrojecimiento necesitas tratamientos calmantes, por ejemplo<span lang=\"EN-US\">,<\/span> con aloe vera y usar compresas fr\u00edas. Asimismo, evita el maquillaje pesado y consulta un especialista si es necesario, sobre todo si notas manchas nuevas.<\/p>\n<p class=\"x_ydpce4e9be3yiv2322640415ydpdb1d28e8yiv8692798566ydp734d710dMsoListParagraphCxSpMiddle\">\u00b7\u00a0\u00a0\u00a0\u00a0\u00a0 Luego de salir del agua, es bueno darte un ba\u00f1o y retirar cualquier residuo que pueda resecar la piel y aplicar crema hidratante.<\/p>\n<p class=\"x_ydpce4e9be3yiv2322640415ydpdb1d28e8yiv8692798566ydp734d710dMsoListParagraphCxSpLast\">\u00b7\u00a0\u00a0\u00a0\u00a0\u00a0 El da\u00f1o solar no siempre es inmediato, por lo que es importante seguir protegiendo la piel incluso despu\u00e9s de Semana Santa. Es importante continuar aplicando protector solar a diario y mantener una rutina de cuidado constante para evitar da\u00f1os a largo plazo.<\/p>\n<p class=\"x_ydpce4e9be3yiv2322640415ydpdb1d28e8yiv8692798566ydp734d710dMsoNormal\"><b>La especialista recomienda los siguientes tratamientos para lograr una renovaci\u00f3n integral:<\/b><\/p>\n<p class=\"x_ydpce4e9be3yiv2322640415ydpdb1d28e8yiv8692798566ydp734d710dMsoListParagraphCxSpFirst\">\u00b7\u00a0\u00a0\u00a0\u00a0\u00a0 Hidrataci\u00f3n profunda: Un tratamiento esencial <span lang=\"ES-DO\">que le ofrece a<\/span> la piel y restaurar su frescura, proporcionando un aspecto saludable y luminoso.<\/p>\n<p class=\"x_ydpce4e9be3yiv2322640415ydpdb1d28e8yiv8692798566ydp734d710dMsoListParagraphCxSpMiddle\">\u00b7\u00a0\u00a0\u00a0\u00a0\u00a0 Revitalizaci\u00f3n: perfecto para quienes buscan rejuvenecer su piel sin procedimientos invasivos, ayudando a nutrirla con vitaminas y antioxidantes.<\/p>\n<p class=\"x_ydpce4e9be3yiv2322640415ydpdb1d28e8yiv8692798566ydp734d710dMsoListParagraphCxSpMiddle\">\u00b7\u00a0\u00a0\u00a0\u00a0\u00a0 Sueroterapia: una excelente opci\u00f3n para fortalecer el sistema inmunol\u00f3gico, aumentar la energ\u00eda y mejorar la apariencia de la piel desde adentro.<\/p>\n<p class=\"x_ydpce4e9be3yiv2322640415ydpdb1d28e8yiv8692798566ydp734d710dMsoListParagraphCxSpMiddle\">\u00b7\u00a0\u00a0\u00a0\u00a0\u00a0 Masajes relajantes: ayudan a aliviar la tensi\u00f3n muscular, reducir el estr\u00e9s y promover una sensaci\u00f3n de calma y bienestar general.<\/p>\n<p class=\"x_ydpce4e9be3yiv2322640415ydpdb1d28e8yiv8692798566ydp734d710dMsoListParagraphCxSpMiddle\"><span lang=\"ES-DO\">\u00b7\u00a0\u00a0\u00a0\u00a0\u00a0 <\/span><span lang=\"ES-DO\">Hidrofacial: limpia profundamente, elimina impurezas y c\u00e9lulas muertas, mientras hidrata y nutre la piel con antioxidantes y \u00e1cido hialur\u00f3nico. Mejora la textura, ilumina el rostro y reduce poros, l\u00edneas finas y manchas.<\/span><\/p>\n<p class=\"x_ydpce4e9be3yiv2322640415ydpdb1d28e8yiv8692798566ydp734d710dMsoListParagraphCxSpLast\"><span lang=\"ES-DO\">\u00b7\u00a0\u00a0\u00a0\u00a0\u00a0 <\/span><span lang=\"ES-DO\">Desintoxicaci\u00f3n I\u00f3nica: ayuda a eliminar toxinas del cuerpo en general, equilibrando el PH, mejorando la circulaci\u00f3n y reduciendo inflamaciones. Favorece el bienestar general, alivia el estr\u00e9s y fortalece el sistema inmunol\u00f3gico.<\/span><\/p>\n<p class=\"x_ydpce4e9be3yiv2322640415ydpdb1d28e8yiv8692798566ydp734d710dMsoNormal\"><span lang=\"ES-DO\">\u201c<\/span>Cada uno de estos tratamientos no solo beneficia el cuerpo, sino que tambi\u00e9n influye en la mente y en el estado emocional, ayudando a lograr ese equilibrio tan necesario en nuestra vida\u201d, indic\u00f3 Diaz.<\/p>\n<p class=\"x_ydpce4e9be3yiv2322640415ydpdb1d28e8yiv8692798566ydp734d710dMsoNormal\">La esteticista ofrece sus servicios en <b>Essenza by Rossy D\u00edaz <\/b>en la avenida Independencia No. 73, Edificio Beta, local 3C, Santo Domingo. Redes sociales: @essenza_by_rossydiaz<\/p>\n","protected":false},"excerpt":{"rendered":"<p>Los dias de asueto que se aproximan, son de los m\u00e1s esperados del a\u00f1o. Muchas personas visitan la iglesia, algunas personas descansan en casa y otras aprovechan los dias libres para vacacionar en la playa o visitar a la familia en el interior. Es importante cuidar la piel que pueda estar expuesta a factores como [&hellip;]<\/p>\n","protected":false},"author":9,"featured_media":11781,"comment_status":"closed","ping_status":"closed","sticky":false,"template":"","format":"standard","meta":{"footnotes":""},"categories":[3086,1552,6],"tags":[4782,4781,4784,4783,1275,69,930,4780,822,2839],"class_list":["post-11780","post","type-post","status-publish","format-standard","has-post-thumbnail","hentry","category-bienestar","category-estilo-de-vida","category-solo-para-sibaritas","tag-cosmetologa","tag-cosmiatra","tag-cuidados-de-la-piel-ante-la-exposicion-solar","tag-dermatologa","tag-piscina","tag-playa","tag-protector-solar","tag-rossy-diaz","tag-semana-santa","tag-sol"],"_links":{"self":[{"href":"https:\/\/www.foodieandtraveler.com\/index.php\/wp-json\/wp\/v2\/posts\/11780","targetHints":{"allow":["GET"]}}],"collection":[{"href":"https:\/\/www.foodieandtraveler.com\/index.php\/wp-json\/wp\/v2\/posts"}],"about":[{"href":"https:\/\/www.foodieandtraveler.com\/index.php\/wp-json\/wp\/v2\/types\/post"}],"author":[{"embeddable":true,"href":"https:\/\/www.foodieandtraveler.com\/index.php\/wp-json\/wp\/v2\/users\/9"}],"replies":[{"embeddable":true,"href":"https:\/\/www.foodieandtraveler.com\/index.php\/wp-json\/wp\/v2\/comments?post=11780"}],"version-history":[{"count":0,"href":"https:\/\/www.foodieandtraveler.com\/index.php\/wp-json\/wp\/v2\/posts\/11780\/revisions"}],"wp:featuredmedia":[{"embeddable":true,"href":"https:\/\/www.foodieandtraveler.com\/index.php\/wp-json\/wp\/v2\/media\/11781"}],"wp:attachment":[{"href":"https:\/\/www.foodieandtraveler.com\/index.php\/wp-json\/wp\/v2\/media?parent=11780"}],"wp:term":[{"taxonomy":"category","embeddable":true,"href":"https:\/\/www.foodieandtraveler.com\/index.php\/wp-json\/wp\/v2\/categories?post=11780"},{"taxonomy":"post_tag","embeddable":true,"href":"https:\/\/www.foodieandtraveler.com\/index.php\/wp-json\/wp\/v2\/tags?post=11780"}],"curies":[{"name":"wp","href":"https:\/\/api.w.org\/{rel}","templated":true}]}}