{"id":11723,"date":"2025-03-28T14:08:53","date_gmt":"2025-03-28T18:08:53","guid":{"rendered":"https:\/\/www.foodieandtraveler.com\/?p=11723"},"modified":"2025-03-28T14:24:50","modified_gmt":"2025-03-28T18:24:50","slug":"la-organizacion-mundial-de-periodismo-turistico-visito-la-ciudad-de-la-plata","status":"publish","type":"post","link":"https:\/\/www.foodieandtraveler.com\/index.php\/la-organizacion-mundial-de-periodismo-turistico-visito-la-ciudad-de-la-plata\/","title":{"rendered":"La Organizaci\u00f3n Mundial de Periodismo Tur\u00edstico visit\u00f3 la ciudad de La Plata"},"content":{"rendered":"<div data-breakout=\"normal\">\n<p id=\"viewer-qq62c3\" class=\"wyQnS _92a4z kuIFz aey9d\" dir=\"auto\"><span class=\"UfL7-\">La <strong><a href=\"https:\/\/www.periodismoturistico.org\"><span style=\"color: #0000ff;\">Organizaci\u00f3n Mundial de Periodismo Tur\u00edstico<\/span><\/a> (OMPT)<\/strong>\u00a0realiz\u00f3 una visita a la ciudad de <strong>La Plata<\/strong>, capital de la provincia de Buenos Aires, con el objetivo de conocer y difundir sus principales atractivos tur\u00edsticos. Durante el recorrido, se destac\u00f3 el <strong>patrimonio arquitect\u00f3nico, cultural y natural<\/strong> que hacen de esta ciudad un destino fascinante tanto para turistas nacionales como internacionales.<\/span><\/p>\n<\/div>\n<div data-breakout=\"normal\">\n<p id=\"viewer-0ojg213\" class=\"wyQnS _92a4z kuIFz aey9d\" dir=\"auto\"><span class=\"UfL7-\">Entre los puntos m\u00e1s emblem\u00e1ticos visitados por la OMPT se encuentran:<\/span><\/p>\n<\/div>\n<div data-breakout=\"normal\">\n<p id=\"viewer-i3y8m16\" class=\"wyQnS _92a4z kuIFz aey9d\" dir=\"auto\"><span class=\"UfL7-\"><strong>La Catedral de La Plata<\/strong><\/span><\/p>\n<\/div>\n<div data-breakout=\"normal\">\n<p id=\"viewer-sca9p19\" class=\"wyQnS _92a4z kuIFz aey9d\" dir=\"auto\"><span class=\"UfL7-\">Considerada una de las iglesias neog\u00f3ticas m\u00e1s imponentes de Am\u00e9rica Latina, la <strong>Catedral de La Plata<\/strong> es un s\u00edmbolo de la ciudad. Sus majestuosas torres, sus vitrales de colores y su impresionante estructura la convierten en una visita obligada para quienes recorren la capital bonaerense.<\/span><\/p>\n<\/div>\n<div data-breakout=\"normal\">\n<p id=\"viewer-8e0bd24\" class=\"wyQnS _92a4z kuIFz aey9d\" dir=\"auto\"><span class=\"UfL7-\"><strong>El Museo de Ciencias Naturales<\/strong><\/span><\/p>\n<\/div>\n<div data-hook=\"rcv-block10\">Ubicado en el Paseo del Bosque, el <strong>Museo de Ciencias Naturales de La Plata<\/strong>\u00a0es uno de los m\u00e1s importantes de Am\u00e9rica del Sur. Su colecci\u00f3n incluye f\u00f3siles, minerales y exposiciones dedicadas a la paleontolog\u00eda y la arqueolog\u00eda, ofreciendo un viaje en el tiempo a los visitantes.<\/div>\n<div data-breakout=\"normal\">\n<p id=\"viewer-hkane32\" class=\"wyQnS _92a4z kuIFz aey9d\" dir=\"auto\"><span class=\"UfL7-\"><strong>El Teatro Argentino<\/strong><\/span><\/p>\n<\/div>\n<div data-breakout=\"normal\">\n<p id=\"viewer-j3mso35\" class=\"wyQnS _92a4z kuIFz aey9d\" dir=\"auto\"><span class=\"UfL7-\">Este ic\u00f3nico centro cultural es un referente de las artes esc\u00e9nicas en Argentina. Con una programaci\u00f3n que incluye \u00f3pera, ballet y teatro, el <strong>Teatro Argentino de La Plata<\/strong> es un espacio que cautiva a los amantes de la cultura.<\/span><\/p>\n<\/div>\n<div data-breakout=\"normal\">\n<p id=\"viewer-ywig240\" class=\"wyQnS _92a4z kuIFz aey9d\" dir=\"auto\"><span class=\"UfL7-\"><strong>El Paseo del Bosque<\/strong><\/span><\/p>\n<\/div>\n<div data-breakout=\"normal\">\n<p id=\"viewer-pvqfs43\" class=\"wyQnS _92a4z kuIFz aey9d\" dir=\"auto\"><span class=\"UfL7-\">Este pulm\u00f3n verde de la ciudad es ideal para quienes buscan un momento de tranquilidad en medio de la naturaleza. Con lagos, senderos y espacios recreativos, el <strong>Paseo del Bosque<\/strong> es un lugar perfecto para disfrutar de una jornada al aire libre.<\/span><\/p>\n<\/div>\n<div data-breakout=\"normal\">\n<p id=\"viewer-n6r1t48\" class=\"wyQnS _92a4z kuIFz aey9d\" dir=\"auto\"><span class=\"UfL7-\">La visita de la OMPT reafirma el inter\u00e9s en promover destinos con <strong>gran riqueza hist\u00f3rica, cultural y natural<\/strong>, posicionando a La Plata como un punto clave dentro del turismo argentino. La organizaci\u00f3n continuar\u00e1 recorriendo distintos destinos para visibilizar el potencial tur\u00edstico de cada regi\u00f3n.<\/span><\/p>\n<p dir=\"auto\">Foto y Texto:<span style=\"color: #ff6600;\"> <a style=\"color: #ff6600;\" href=\"https:\/\/www.periodismoturistico.org\/post\/la-organizaci\u00f3n-mundial-de-periodismo-tur\u00edstico-visit\u00f3-la-ciudad-de-la-plata\">OMPT\u00a0<\/a><\/span><\/p>\n<\/div>\n","protected":false},"excerpt":{"rendered":"<p>La Organizaci\u00f3n Mundial de Periodismo Tur\u00edstico (OMPT)\u00a0realiz\u00f3 una visita a la ciudad de La Plata, capital de la provincia de Buenos Aires, con el objetivo de conocer y difundir sus principales atractivos tur\u00edsticos. Durante el recorrido, se destac\u00f3 el patrimonio arquitect\u00f3nico, cultural y natural que hacen de esta ciudad un destino fascinante tanto para turistas [&hellip;]<\/p>\n","protected":false},"author":9,"featured_media":11724,"comment_status":"closed","ping_status":"closed","sticky":false,"template":"","format":"standard","meta":{"footnotes":""},"categories":[4090,1,48,3766,2314],"tags":[902,4751,3392,3393,116],"class_list":["post-11723","post","type-post","status-publish","format-standard","has-post-thumbnail","hentry","category-travel","category-uncategorized","category-turismo","category-viajar","category-viajeros","tag-argentina","tag-ciudad-de-la-plata","tag-ompt","tag-organizacion-mundial-de-periodismo-turistico","tag-turismo"],"_links":{"self":[{"href":"https:\/\/www.foodieandtraveler.com\/index.php\/wp-json\/wp\/v2\/posts\/11723","targetHints":{"allow":["GET"]}}],"collection":[{"href":"https:\/\/www.foodieandtraveler.com\/index.php\/wp-json\/wp\/v2\/posts"}],"about":[{"href":"https:\/\/www.foodieandtraveler.com\/index.php\/wp-json\/wp\/v2\/types\/post"}],"author":[{"embeddable":true,"href":"https:\/\/www.foodieandtraveler.com\/index.php\/wp-json\/wp\/v2\/users\/9"}],"replies":[{"embeddable":true,"href":"https:\/\/www.foodieandtraveler.com\/index.php\/wp-json\/wp\/v2\/comments?post=11723"}],"version-history":[{"count":0,"href":"https:\/\/www.foodieandtraveler.com\/index.php\/wp-json\/wp\/v2\/posts\/11723\/revisions"}],"wp:featuredmedia":[{"embeddable":true,"href":"https:\/\/www.foodieandtraveler.com\/index.php\/wp-json\/wp\/v2\/media\/11724"}],"wp:attachment":[{"href":"https:\/\/www.foodieandtraveler.com\/index.php\/wp-json\/wp\/v2\/media?parent=11723"}],"wp:term":[{"taxonomy":"category","embeddable":true,"href":"https:\/\/www.foodieandtraveler.com\/index.php\/wp-json\/wp\/v2\/categories?post=11723"},{"taxonomy":"post_tag","embeddable":true,"href":"https:\/\/www.foodieandtraveler.com\/index.php\/wp-json\/wp\/v2\/tags?post=11723"}],"curies":[{"name":"wp","href":"https:\/\/api.w.org\/{rel}","templated":true}]}}