{"id":11707,"date":"2025-03-26T11:46:52","date_gmt":"2025-03-26T15:46:52","guid":{"rendered":"https:\/\/www.foodieandtraveler.com\/?p=11707"},"modified":"2025-03-26T11:47:09","modified_gmt":"2025-03-26T15:47:09","slug":"cesar-iglesias-reconoce-trayectoria-de-sus-colaboradores","status":"publish","type":"post","link":"https:\/\/www.foodieandtraveler.com\/index.php\/cesar-iglesias-reconoce-trayectoria-de-sus-colaboradores\/","title":{"rendered":"C\u00e9sar Iglesias reconoce trayectoria de sus colaboradores"},"content":{"rendered":"<p lang=\"es-ES\"><span style=\"color: #747474;\"><span style=\"font-family: Calibri, serif;\"><span lang=\"es-DO\">Con el objetivo de honrar el compromiso y la dedicaci\u00f3n de su equipo, C\u00e9sar Iglesias celebr\u00f3 la primera edici\u00f3n de <\/span><\/span><\/span><span style=\"color: #747474;\"><span style=\"font-family: Calibri, serif;\"><span lang=\"es-DO\"><b>\u2018<\/b><\/span><\/span><\/span><span style=\"color: #747474;\"><span style=\"font-family: Calibri, serif;\"><span lang=\"es-DO\"><b>Legado\u2019<\/b><\/span><\/span><\/span><span style=\"color: #747474;\"><span style=\"font-family: Calibri, serif;\"><span lang=\"es-DO\">, un<\/span><\/span><\/span><span style=\"color: #747474;\"><span style=\"font-family: Calibri, serif;\"><span lang=\"es-DO\">a actividad<\/span><\/span><\/span><span style=\"color: #747474;\"><span style=\"font-family: Calibri, serif;\"><span lang=\"es-DO\"> especial en la que fueron reconocidos m\u00e1s de <\/span><\/span><\/span><span style=\"color: #747474;\"><span style=\"font-family: Calibri, serif;\"><span lang=\"es-DO\"><b>300 colaboradores<\/b><\/span><\/span><\/span><span style=\"color: #747474;\"><span style=\"font-family: Calibri, serif;\"><span lang=\"es-DO\"> con entre <\/span><\/span><\/span><span style=\"color: #747474;\"><span style=\"font-family: Calibri, serif;\"><span lang=\"es-DO\">cinco\u00a0<\/span><\/span><\/span><b><\/b><span style=\"color: #747474;\"><span style=\"font-family: Calibri, serif;\"><span lang=\"es-DO\">y 30 a\u00f1os<\/span><\/span><\/span><span style=\"color: #747474;\"><span style=\"font-family: Calibri, serif;\"><span lang=\"es-DO\"> de servicio en la organizaci\u00f3n.<\/span><\/span><\/span><\/p>\n<p lang=\"es-ES\"><span style=\"color: #747474;\"><span style=\"font-family: Calibri, serif;\"><span lang=\"es-DO\">Adem\u00e1s, en esta ocasi\u00f3n especial, se otorg\u00f3 el <\/span><\/span><\/span><span style=\"color: #747474;\"><span style=\"font-family: Calibri, serif;\"><span lang=\"es-DO\"><b>Premio a la Trayectoria<\/b><\/span><\/span><\/span><span style=\"color: #747474;\"><span style=\"font-family: Calibri, serif;\"><span lang=\"es-DO\"> a cuatro destacados l\u00edderes de nuestra organizaci\u00f3n: <\/span><\/span><\/span><span style=\"color: #747474;\"><span style=\"font-family: Calibri, serif;\"><span lang=\"es-DO\"><b>Luis Vel\u00e1squez, Pablo Anasag\u00e1sti, Francisco Liriano y Federico Castro<\/b><\/span><\/span><\/span><span style=\"color: #747474;\"><span style=\"font-family: Calibri, serif;\"><span lang=\"es-DO\">. Su legado, visi\u00f3n y liderazgo han sido pilares fundamentales en el crecimiento y consolidaci\u00f3n de C\u00e9sar Iglesias, dejando una marca profunda en nuestra historia y en las generaciones de colaboradores que han tenido el privilegio de trabajar y aprender junto a ellos.<\/span><\/span><\/span><\/p>\n<p lang=\"es-ES\"><span style=\"color: #747474;\"><span style=\"font-family: Calibri, serif;\"><span lang=\"es-DO\">Uno de los momentos m\u00e1s emotivos de la ceremonia fue la presentaci\u00f3n de un video con las palabras del <\/span><\/span><\/span><span style=\"color: #747474;\"><span style=\"font-family: Calibri, serif;\"><span lang=\"es-DO\"><b>ingeniero<\/b><\/span><\/span><\/span><span style=\"color: #747474;\"><span style=\"font-family: Calibri, serif;\"><span lang=\"es-DO\"><b> Miguel Feris, presidente del Comit\u00e9 Ejecutivo<\/b><\/span><\/span><\/span><span style=\"color: #747474;\"><span style=\"font-family: Calibri, serif;\"><span lang=\"es-DO\">, quien destac\u00f3 el esfuerzo de generaciones de colaboradores que han hecho de C\u00e9sar Iglesias una empresa l\u00edder:<\/span><\/span><\/span><\/p>\n<p lang=\"es-ES\"><span style=\"color: #747474;\">\u201c<span style=\"font-family: Calibri, serif;\"><span lang=\"es-DO\"><i>Miles y miles de colaboradores han hecho de esta empresa su casa, su proyecto de vida. En su mayor\u00eda petromacorisanos, con ingenio, esfuerzo y determinaci\u00f3n, han mantenido viva esta organizaci\u00f3n a lo largo de m\u00e1s de un siglo, enfrentando desaf\u00edos como guerras mundiales, pandemias, crisis econ\u00f3micas y sociales, hasta convertirnos en lo que somos hoy: l\u00edderes nacionales y regionales. Ustedes son los l\u00edderes, los veteranos, los que nunca se han rendido. Son el ejemplo de entrega y persistencia que nos define\u201d.<\/i><\/span><\/span><\/span><\/p>\n<p lang=\"es-ES\"><b><span style=\"color: #747474;\"><span style=\"font-family: Calibri, serif;\"><span lang=\"es-DO\"><i>Trabajo en equipo<\/i><\/span><\/span><\/span><\/b><\/p>\n<p lang=\"es-ES\"><span style=\"color: #747474;\"><span style=\"font-family: Calibri, serif;\"><span lang=\"es-DO\">El ingeniero<\/span><\/span><\/span><span style=\"color: #747474;\"><span style=\"font-family: Calibri, serif;\"><span lang=\"es-DO\"> Jes\u00fas Feris dirigi\u00f3 unas palabras a los presentes, resaltando el valor de cada colaborador en el crecimiento de la empresa: <\/span><\/span><\/span><span style=\"color: #747474;\"><span style=\"font-family: Calibri, serif;\"><span lang=\"es-DO\"><i>\u201cSomos calidad de gente que progresa, porque tenemos a gente de calidad dirigiendo cada uno de nuestros procesos productivos.\u201d<\/i><\/span><\/span><\/span><\/p>\n<p lang=\"es-ES\"><span style=\"color: #747474;\"><span style=\"font-family: Calibri, serif;\"><span lang=\"es-DO\">La actividad<\/span><\/span><\/span><span style=\"color: #747474;\"><span style=\"font-family: Calibri, serif;\"><span lang=\"es-DO\"> \u2018Legado\u2019 reafirma el compromiso de C\u00e9sar Iglesias con el reconocimiento y bienestar de su equipo, fortaleciendo una cultura organizacional basada en la excelencia, la trayectoria y el sentido de pertenencia.<\/span><\/span><\/span><\/p>\n<p><b>Sobre C\u00e9sar Iglesias<\/b><\/p>\n<p lang=\"es-ES\"><span style=\"color: #747474;\"><span style=\"font-family: Calibri, serif;\"><span lang=\"es-DO\">Fundada en <\/span><\/span><\/span><span style=\"color: #747474;\"><span style=\"font-family: Calibri, serif;\"><span lang=\"es-DO\"><b>1910<\/b><\/span><\/span><\/span><span style=\"color: #747474;\"><span style=\"font-family: Calibri, serif;\"><span lang=\"es-DO\">, <\/span><\/span><\/span><span style=\"color: #747474;\"><span style=\"font-family: Calibri, serif;\"><span lang=\"es-DO\"><b>C\u00e9sar Iglesias<\/b><\/span><\/span><\/span><span style=\"color: #747474;\"><span style=\"font-family: Calibri, serif;\"><span lang=\"es-DO\"> es una empresa dominicana con <\/span><\/span><\/span><span style=\"color: #747474;\"><span style=\"font-family: Calibri, serif;\"><span lang=\"es-DO\"><b>115 a\u00f1os de historia<\/b><\/span><\/span><\/span><span style=\"color: #747474;\"><span style=\"font-family: Calibri, serif;\"><span lang=\"es-DO\">, consolid\u00e1ndose como uno de los <\/span><\/span><\/span><span style=\"color: #747474;\"><span style=\"font-family: Calibri, serif;\"><span lang=\"es-DO\"><b>mayores empleadores de San Pedro de Macor\u00eds y del pa\u00eds<\/b><\/span><\/span><\/span><span style=\"color: #747474;\"><span style=\"font-family: Calibri, serif;\"><span lang=\"es-DO\">. Con una s\u00f3lida trayectoria en el desarrollo, comercializaci\u00f3n y distribuci\u00f3n de productos de alta calidad en categor\u00edas esenciales como<\/span><\/span><\/span><span style=\"color: #747474;\"><span style=\"font-family: Calibri, serif;\"><span lang=\"es-DO\"><b>alimentaci\u00f3n, cuidado personal y cuidado del hogar<\/b><\/span><\/span><\/span><span style=\"color: #747474;\"><span style=\"font-family: Calibri, serif;\"><span lang=\"es-DO\">, la empresa se ha ganado un lugar en los hogares dominicanos gracias a su compromiso con la <\/span><\/span><\/span><span style=\"color: #747474;\"><span style=\"font-family: Calibri, serif;\"><span lang=\"es-DO\"><b>calidad, la innovaci\u00f3n y la responsabilidad social<\/b><\/span><\/span><\/span><span style=\"color: #747474;\"><span style=\"font-family: Calibri, serif;\"><span lang=\"es-DO\">.<\/span><\/span><\/span><\/p>\n<p lang=\"es-ES\"><span style=\"color: #747474;\"><span style=\"font-family: Calibri, serif;\"><span lang=\"es-DO\">Adem\u00e1s de su liderazgo en el mercado local, <\/span><\/span><\/span><span style=\"color: #747474;\"><span style=\"font-family: Calibri, serif;\"><span lang=\"es-DO\"><b>C\u00e9sar Iglesias<\/b><\/span><\/span><\/span><span style=\"color: #747474;\"><span style=\"font-family: Calibri, serif;\"><span lang=\"es-DO\"> lleva el sello dominicano al mundo, exportando sus productos a mercados internacionales y reafirmando su compromiso con el bienestar de las familias y el desarrollo sostenible.<\/span><\/span><\/span><\/p>\n<p lang=\"es-ES\">\n","protected":false},"excerpt":{"rendered":"<p>Con el objetivo de honrar el compromiso y la dedicaci\u00f3n de su equipo, C\u00e9sar Iglesias celebr\u00f3 la primera edici\u00f3n de \u2018Legado\u2019, una actividad especial en la que fueron reconocidos m\u00e1s de 300 colaboradores con entre cinco\u00a0y 30 a\u00f1os de servicio en la organizaci\u00f3n. Adem\u00e1s, en esta ocasi\u00f3n especial, se otorg\u00f3 el Premio a la Trayectoria [&hellip;]<\/p>\n","protected":false},"author":9,"featured_media":11708,"comment_status":"closed","ping_status":"closed","sticky":false,"template":"","format":"standard","meta":{"footnotes":""},"categories":[3931],"tags":[2822,2269,3367,3933],"class_list":["post-11707","post","type-post","status-publish","format-standard","has-post-thumbnail","hentry","category-sector-empresarial","tag-cesar-iglesias","tag-colaboradores","tag-reconocimiento","tag-sector-empresarial"],"_links":{"self":[{"href":"https:\/\/www.foodieandtraveler.com\/index.php\/wp-json\/wp\/v2\/posts\/11707","targetHints":{"allow":["GET"]}}],"collection":[{"href":"https:\/\/www.foodieandtraveler.com\/index.php\/wp-json\/wp\/v2\/posts"}],"about":[{"href":"https:\/\/www.foodieandtraveler.com\/index.php\/wp-json\/wp\/v2\/types\/post"}],"author":[{"embeddable":true,"href":"https:\/\/www.foodieandtraveler.com\/index.php\/wp-json\/wp\/v2\/users\/9"}],"replies":[{"embeddable":true,"href":"https:\/\/www.foodieandtraveler.com\/index.php\/wp-json\/wp\/v2\/comments?post=11707"}],"version-history":[{"count":0,"href":"https:\/\/www.foodieandtraveler.com\/index.php\/wp-json\/wp\/v2\/posts\/11707\/revisions"}],"wp:featuredmedia":[{"embeddable":true,"href":"https:\/\/www.foodieandtraveler.com\/index.php\/wp-json\/wp\/v2\/media\/11708"}],"wp:attachment":[{"href":"https:\/\/www.foodieandtraveler.com\/index.php\/wp-json\/wp\/v2\/media?parent=11707"}],"wp:term":[{"taxonomy":"category","embeddable":true,"href":"https:\/\/www.foodieandtraveler.com\/index.php\/wp-json\/wp\/v2\/categories?post=11707"},{"taxonomy":"post_tag","embeddable":true,"href":"https:\/\/www.foodieandtraveler.com\/index.php\/wp-json\/wp\/v2\/tags?post=11707"}],"curies":[{"name":"wp","href":"https:\/\/api.w.org\/{rel}","templated":true}]}}