{"id":11641,"date":"2025-03-07T15:02:06","date_gmt":"2025-03-07T19:02:06","guid":{"rendered":"https:\/\/www.foodieandtraveler.com\/?p=11641"},"modified":"2025-03-07T15:02:57","modified_gmt":"2025-03-07T19:02:57","slug":"anuncian-premio-vive-sano-2025-una-celebracion-para-honrar-a-quienes-hacen-la-diferencia","status":"publish","type":"post","link":"https:\/\/www.foodieandtraveler.com\/index.php\/anuncian-premio-vive-sano-2025-una-celebracion-para-honrar-a-quienes-hacen-la-diferencia\/","title":{"rendered":"Anuncian Premio Vive Sano 2025: una celebraci\u00f3n  para honrar a quienes hacen la diferencia"},"content":{"rendered":"<p style=\"font-weight: 400;\">La S\u00e9ptima edici\u00f3n de la Gala del Premio Vive Sano se llevar\u00e1 a cabo el pr\u00f3ximo 2 de abril de 2025 en el Hotel Jaragua de Santo Domingo. Este evento se ha consolidado como un pilar fundamental de reconocimiento y celebraci\u00f3n de la trayectoria de personas e instituciones que contribuyen de manera significativa en el \u00e1mbito de la salud.<\/p>\n<p style=\"font-weight: 400;\">Premio Vive Sano es una iniciativa visionaria creada por la periodista Elizabet Guti\u00e9rrez, bajo el auspicio Vive Sano. Plataforma dedicada a generar contenido sobre salud y bienestar, con el prop\u00f3sito de incentivar una cultura preventiva en la sociedad dominicana y m\u00e1s all\u00e1.<\/p>\n<p style=\"font-weight: 400;\">La gala, que promete ser una noche inolvidable, reunir\u00e1 a l\u00edderes del sector salud, funcionarios gubernamentales, representantes de la industria farmac\u00e9utica, sociedades m\u00e9dicas y fundaciones. Para ser testigos del reconocimiento a personas, empresas e instituciones en diversas categor\u00edas: Trayectoria, Noveles, Innovaci\u00f3n, Gesti\u00f3n de Servicios de Salud, Compromiso Social y Periodismo de Salud.<\/p>\n<p style=\"font-weight: 400;\">Estamos emocionados de celebrar la s\u00e9ptima edici\u00f3n de este premio, que cada a\u00f1o crece en relevancia y significado. Es un honor reconocer a aquellas personas e instituciones que, con su trabajo incansable, est\u00e1n marcando una diferencia en nuestra sociedad y motivando a otros a seguir su ejemplo.<\/p>\n<p style=\"font-weight: 400;\">Nos centramos en dar visibilidad a quienes, con su esfuerzo, est\u00e1n marcando una diferencia en la sociedad y motivando a otros a seguir su ejemplo.<\/p>\n<p style=\"font-weight: 400;\">Para m\u00e1s informaci\u00f3n sobre la Gala del Premio Vive Sano y c\u00f3mo participar, por favor, cont\u00e1ctenos a trav\u00e9s del correo electr\u00f3nico info@viviesanord.com y nuestras redes sociales @premiovivesano.<\/p>\n","protected":false},"excerpt":{"rendered":"<p>La S\u00e9ptima edici\u00f3n de la Gala del Premio Vive Sano se llevar\u00e1 a cabo el pr\u00f3ximo 2 de abril de 2025 en el Hotel Jaragua de Santo Domingo. Este evento se ha consolidado como un pilar fundamental de reconocimiento y celebraci\u00f3n de la trayectoria de personas e instituciones que contribuyen de manera significativa en el [&hellip;]<\/p>\n","protected":false},"author":9,"featured_media":11643,"comment_status":"closed","ping_status":"closed","sticky":false,"template":"","format":"standard","meta":{"footnotes":""},"categories":[3555],"tags":[4723,4724,4646,2608],"class_list":["post-11641","post","type-post","status-publish","format-standard","has-post-thumbnail","hentry","category-salud-y-bienestar","tag-elizabet-gutierrez","tag-premios-vive-sano","tag-sector-salud","tag-vive-sano"],"_links":{"self":[{"href":"https:\/\/www.foodieandtraveler.com\/index.php\/wp-json\/wp\/v2\/posts\/11641","targetHints":{"allow":["GET"]}}],"collection":[{"href":"https:\/\/www.foodieandtraveler.com\/index.php\/wp-json\/wp\/v2\/posts"}],"about":[{"href":"https:\/\/www.foodieandtraveler.com\/index.php\/wp-json\/wp\/v2\/types\/post"}],"author":[{"embeddable":true,"href":"https:\/\/www.foodieandtraveler.com\/index.php\/wp-json\/wp\/v2\/users\/9"}],"replies":[{"embeddable":true,"href":"https:\/\/www.foodieandtraveler.com\/index.php\/wp-json\/wp\/v2\/comments?post=11641"}],"version-history":[{"count":0,"href":"https:\/\/www.foodieandtraveler.com\/index.php\/wp-json\/wp\/v2\/posts\/11641\/revisions"}],"wp:featuredmedia":[{"embeddable":true,"href":"https:\/\/www.foodieandtraveler.com\/index.php\/wp-json\/wp\/v2\/media\/11643"}],"wp:attachment":[{"href":"https:\/\/www.foodieandtraveler.com\/index.php\/wp-json\/wp\/v2\/media?parent=11641"}],"wp:term":[{"taxonomy":"category","embeddable":true,"href":"https:\/\/www.foodieandtraveler.com\/index.php\/wp-json\/wp\/v2\/categories?post=11641"},{"taxonomy":"post_tag","embeddable":true,"href":"https:\/\/www.foodieandtraveler.com\/index.php\/wp-json\/wp\/v2\/tags?post=11641"}],"curies":[{"name":"wp","href":"https:\/\/api.w.org\/{rel}","templated":true}]}}