{"id":11608,"date":"2025-02-19T19:14:27","date_gmt":"2025-02-19T23:14:27","guid":{"rendered":"https:\/\/www.foodieandtraveler.com\/?p=11608"},"modified":"2025-02-19T19:14:35","modified_gmt":"2025-02-19T23:14:35","slug":"turismo-en-rd-arranca-con-este-ano-con-buen-pie-con-la-llegada-de-1155484-visitantes","status":"publish","type":"post","link":"https:\/\/www.foodieandtraveler.com\/index.php\/turismo-en-rd-arranca-con-este-ano-con-buen-pie-con-la-llegada-de-1155484-visitantes\/","title":{"rendered":"Turismo en RD arranca con este a\u00f1o con buen pie con la llegada de 1,155,484 visitantes"},"content":{"rendered":"<p>El turismo dominicano arranc\u00f3 el a\u00f1o con un r\u00e9cord hist\u00f3rico en llegada, al alcanzar la cifra de 1,155,484 visitantes en el mes de enero, superando con un 53% el 2019, un 22% el 2023 y un 8% el 2025.<\/p>\n<p>As\u00ed lo inform\u00f3 el ministro de Turismo, David Collado, al presentar este mi\u00e9rcoles, en un hotel de la capital, los resultados del comportamiento de la industria, como lo ha hecho cada mes.<\/p>\n<p>Dijo que por la v\u00eda a\u00e9rea el pa\u00eds recibi\u00f3 en enero 759,929 turistas, mientras que por la mar\u00edtima llegaron 395,555 cruceristas.<\/p>\n<p>\u201cAl sumar esa dos cifras tenemos el gran n\u00famero: 1,155,484 visitantes, rompiendo nuestros propios r\u00e9cords de a\u00f1os anteriores\u201d, dijo Collado.<\/p>\n<p>Los principales pa\u00edses emisores de turistas en el mes de enero fueron Estados Unidos con un 36%, Canad\u00e1 con un 25%, Argentina un 8%, Colombia con 5% y Francia con un 3%, indic\u00f3 el funcionario.<\/p>\n<p>Tambi\u00e9n informo que el aeropuerto Punta Cana sigue recibi\u00e9ndonos la mayor cantidad de turistas 63%, seguido de Las Am\u00e9ricas con 19%, Cibao con un 9% y Puerto Plata con un 7%.<\/p>\n<p>El ministro Collado reiter\u00f3 que este 2025 ser\u00e1 un mejor a\u00f1o para el turismo dominicano, gracias a la alianza que mantienen los sectores p\u00fablico y privado. Dijo se dar\u00e1 prioridad a seguir mejorando la conectividad a\u00e9rea, lo que garantizar\u00e1 m\u00e1s llegada de turistas.<\/p>\n<p>Collado aprovech\u00f3 el escenario para ofrecer algunos detalles de la participaci\u00f3n de Rep\u00fablica Dominicana en la feria tur\u00edstica de Vitrina de ANATO, que llevar\u00e1 a cabo en Bogot\u00e1, Colombia, del 26 al 28 de este mes.<\/p>\n<p>Juan Bancalari, presidente de ASONAHORES, coincidi\u00f3 con ministro Collado de que este ser\u00e1 un a\u00f1o extraordinario para el sector. Asimismo, destac\u00f3 la efectividad de la alianza p\u00fablico-privada, y el trabajo del equipo del MITUR para lograr resultados de \u00e9xito y los r\u00e9cords que viene exhibiendo la industria tur\u00edstica mes tras mes.<\/p>\n<p>Destac\u00f3, adem\u00e1s, el \u00e9xito obtenido por Rep\u00fablica Dominicana en su reciente participaci\u00f3n en la feria tur\u00edstica de FITUR 2025, que se llev\u00f3 a cabo en Madrid, Espa\u00f1a.<\/p>\n<p><strong>La ocupaci\u00f3n hotelera durante el mes de enero fue de un 82%, mientras la estad\u00eda de extranjero era de 9 d\u00edas.<\/strong><\/p>\n<p>El ministro Collado reiter\u00f3 que este 2025 ser\u00e1 un mejor a\u00f1o para el turismo dominicano, gracias a la alianza que mantienen los sectores p\u00fablico y privado.<\/p>\n<p><strong>Dijo se dar\u00e1 prioridad a seguir mejorando la conectividad a\u00e9rea, lo que garantizar\u00e1 m\u00e1s llegada de turistas.<\/strong><\/p>\n<p>Collado aprovech\u00f3 el escenario para ofrecer algunos detalles de la participaci\u00f3n de Rep\u00fablica Dominicana en la feria tur\u00edstica de Vitrina de ANATO, que llevar\u00e1 a cabo en Bogot\u00e1, Colombia, del 26 al 28 de este mes.<\/p>\n<p>Juan Bancalari, presidente de ASONAHORES, coincidi\u00f3 con ministro Collado de que este ser\u00e1 un a\u00f1o extraordinario para el sector.<\/p>\n<p>Asimismo, destac\u00f3 la efectividad de la alianza p\u00fablico-privada, y el trabajo del equipo del MITUR para lograr resultados de \u00e9xito y los r\u00e9cords que viene exhibiendo la industria tur\u00edstica mes tras mes. Destac\u00f3, adem\u00e1s, el \u00e9xito obtenido por Rep\u00fablica Dominicana en su reciente participaci\u00f3n en la feria tur\u00edstica de FITUR 2025, que se llev\u00f3 a cabo en Madrid, Espa\u00f1a.<\/p>\n<p>La ocupaci\u00f3n hotelera durante el mes de enero fue de un 82%, mientras la estad\u00eda de extranjero era de 9 d\u00edas.<\/p>\n<div dir=\"ltr\"><\/div>\n","protected":false},"excerpt":{"rendered":"<p>El turismo dominicano arranc\u00f3 el a\u00f1o con un r\u00e9cord hist\u00f3rico en llegada, al alcanzar la cifra de 1,155,484 visitantes en el mes de enero, superando con un 53% el 2019, un 22% el 2023 y un 8% el 2025. As\u00ed lo inform\u00f3 el ministro de Turismo, David Collado, al presentar este mi\u00e9rcoles, en un hotel [&hellip;]<\/p>\n","protected":false},"author":9,"featured_media":11609,"comment_status":"closed","ping_status":"closed","sticky":false,"template":"","format":"standard","meta":{"footnotes":""},"categories":[3433,48],"tags":[4708,4707,4706,1040,2536,68,116,1065],"class_list":["post-11608","post","type-post","status-publish","format-standard","has-post-thumbnail","hentry","category-dominicanidad","category-turismo","tag-david-collado-ministro-de-turismo","tag-llegada-de-visitantes-al-pais","tag-ministerio-de-turismo-de-rd","tag-mitur","tag-rd","tag-republica-dominicana","tag-turismo","tag-turistas"],"_links":{"self":[{"href":"https:\/\/www.foodieandtraveler.com\/index.php\/wp-json\/wp\/v2\/posts\/11608","targetHints":{"allow":["GET"]}}],"collection":[{"href":"https:\/\/www.foodieandtraveler.com\/index.php\/wp-json\/wp\/v2\/posts"}],"about":[{"href":"https:\/\/www.foodieandtraveler.com\/index.php\/wp-json\/wp\/v2\/types\/post"}],"author":[{"embeddable":true,"href":"https:\/\/www.foodieandtraveler.com\/index.php\/wp-json\/wp\/v2\/users\/9"}],"replies":[{"embeddable":true,"href":"https:\/\/www.foodieandtraveler.com\/index.php\/wp-json\/wp\/v2\/comments?post=11608"}],"version-history":[{"count":0,"href":"https:\/\/www.foodieandtraveler.com\/index.php\/wp-json\/wp\/v2\/posts\/11608\/revisions"}],"wp:featuredmedia":[{"embeddable":true,"href":"https:\/\/www.foodieandtraveler.com\/index.php\/wp-json\/wp\/v2\/media\/11609"}],"wp:attachment":[{"href":"https:\/\/www.foodieandtraveler.com\/index.php\/wp-json\/wp\/v2\/media?parent=11608"}],"wp:term":[{"taxonomy":"category","embeddable":true,"href":"https:\/\/www.foodieandtraveler.com\/index.php\/wp-json\/wp\/v2\/categories?post=11608"},{"taxonomy":"post_tag","embeddable":true,"href":"https:\/\/www.foodieandtraveler.com\/index.php\/wp-json\/wp\/v2\/tags?post=11608"}],"curies":[{"name":"wp","href":"https:\/\/api.w.org\/{rel}","templated":true}]}}