{"id":11601,"date":"2025-02-19T18:54:37","date_gmt":"2025-02-19T22:54:37","guid":{"rendered":"https:\/\/www.foodieandtraveler.com\/?p=11601"},"modified":"2025-02-19T18:56:00","modified_gmt":"2025-02-19T22:56:00","slug":"republica-dominicana-se-prepara-para-la-septima-entrega-del-congreso-internacional-de-turismo-de-salud-y-bienestar","status":"publish","type":"post","link":"https:\/\/www.foodieandtraveler.com\/index.php\/republica-dominicana-se-prepara-para-la-septima-entrega-del-congreso-internacional-de-turismo-de-salud-y-bienestar\/","title":{"rendered":"Rep\u00fablica Dominicana se prepara para la s\u00e9ptima entrega del Congreso Internacional de Turismo de Salud y Bienestar"},"content":{"rendered":"<div data-olk-copy-source=\"MessageBody\">La 7\u00aa edici\u00f3n del Congreso Internacional de Turismo de Salud y Bienestar ya tiene fecha: el pr\u00f3ximo 23 de octubre de 2025 en el Hotel Marriott Piantini, Santo Domingo. Este encuentro de clase mundial es la principal plataforma de networking, innovaci\u00f3n y desarrollo de negocios en turismo m\u00e9dico en Centroam\u00e9rica y el Caribe, y reunir\u00e1 a l\u00edderes nacionales e internacionales del sector salud, turismo, finanzas y tecnolog\u00eda para debatir las tendencias, avances y oportunidades de inversi\u00f3n en esta creciente industria.<\/div>\n<div aria-hidden=\"true\"><\/div>\n<div>El evento fue anunciado por el Dr. Alejandro Cambiaso, presidente de la Asociaci\u00f3n Dominicana de Turismo de Salud (ADTS), y Amelia Reyes Mora, presidenta de AF Comunicaci\u00f3n Estrat\u00e9gica, quienes destacaron el papel clave del congreso en el posicionamiento de Rep\u00fablica Dominicana como un destino de turismo de salud e inversi\u00f3n.<\/div>\n<div aria-hidden=\"true\"><\/div>\n<div><b>Un evento clave para el crecimiento del sector<\/b><\/div>\n<div><b>\u00a0<\/b><\/div>\n<div>Este congreso, respaldado por instituciones del sector p\u00fablico y privado, se ha consolidado como la plataforma de referencia para el turismo m\u00e9dico en la regi\u00f3n.<\/div>\n<div aria-hidden=\"true\"><\/div>\n<div>\u201cRep\u00fablica Dominicana ha demostrado su liderazgo en salud y bienestar, ofreciendo una infraestructura hospitalaria que se moderniza, certifica y brinda un entorno seguro para los pacientes internacionales. Este evento fortalece nuestro compromiso con la excelencia m\u00e9dica y el crecimiento del turismo de salud\u201d, destac\u00f3 el Dr. Cambiaso.<\/div>\n<div aria-hidden=\"true\"><\/div>\n<div>Por su parte, Amelia Reyes Mora subray\u00f3 la importancia de continuar posicionando el pa\u00eds como un destino seguro, confiable y competitivo: \u201cPara fortalecer nuestra marca pa\u00eds, es fundamental seguir impulsando la innovaci\u00f3n, fomentar alianzas estrat\u00e9gicas y garantizar la mejor experiencia para los pacientes internacionales\u201d, afirm\u00f3.<\/div>\n<div aria-hidden=\"true\"><\/div>\n<div><b>Sinergias, inversi\u00f3n y networking de alto nivel<\/b><\/div>\n<div aria-hidden=\"true\"><\/div>\n<div>Este congreso no solo es un foro de conocimiento, sino una oportunidad \u00fanica de conectar con los principales actores de la industria y generar alianzas estrat\u00e9gicas. Durante el evento, se presentar\u00e1n nuevas iniciativas de inversi\u00f3n, proyectos innovadores y modelos de negocio exitosos en el sector de la salud y el bienestar.<\/div>\n<div aria-hidden=\"true\"><\/div>\n<div>Se espera la participaci\u00f3n de hospitales, cl\u00ednicas, hoteles, aseguradoras, bancos, fondos de inversi\u00f3n, agencias de viajes, aerol\u00edneas, empresas farmac\u00e9uticas, proveedores de tecnolog\u00eda m\u00e9dica y representantes gubernamentales, consolidando un ecosistema de colaboraci\u00f3n sin precedentes.<\/div>\n<div><\/div>\n<div>Para m\u00e1s informaci\u00f3n visite <u><a id=\"OWAae2f78a2-e8a9-5451-98d5-2e05bf4cd315\" class=\"x_x_x_x_x_x_x_x_x_x_x_x_OWAAutoLink\" title=\"Protegido por Outlook: https:\/\/congresoadts.com\/. Haz clic o pulsa para seguir el v\u00ednculo.\" href=\"https:\/\/na01.safelinks.protection.outlook.com\/?url=https%3A%2F%2Fcongresoadts.com%2F&amp;data=05%7C02%7C%7C2fced5d19d374f9fa86708dd51036240%7C84df9e7fe9f640afb435aaaaaaaaaaaa%7C1%7C0%7C638755798731481891%7CUnknown%7CTWFpbGZsb3d8eyJFbXB0eU1hcGkiOnRydWUsIlYiOiIwLjAuMDAwMCIsIlAiOiJXaW4zMiIsIkFOIjoiTWFpbCIsIldUIjoyfQ%3D%3D%7C0%7C%7C%7C&amp;sdata=QNUT7DHQdC1axUgzIu5PUMYfGK19TIzVz78gP5z3Ix4%3D&amp;reserved=0\" target=\"_blank\" rel=\"noopener noreferrer\" data-auth=\"Verified\" data-linkindex=\"0\">congresoadts.com<\/a><\/u>\u00a0o a los tel\u00e9fonos 809-567-2663 y 809-473-4541<\/div>\n<div aria-hidden=\"true\"><\/div>\n<div><b>Sobre la Asociaci\u00f3n Dominicana de Turismo de Salud (ADTS)<\/b><\/div>\n<div><b>\u00a0<\/b><\/div>\n<div>La ADTS es una entidad sin fines de lucro que promueve a Rep\u00fablica Dominicana como destino l\u00edder en turismo de salud, fomentando sinergias p\u00fablico-privadas, certificaciones y acreditaciones internacionales para fortalecer la calidad y alcance de la medicina y odontolog\u00eda dominicana. M\u00e1s informaci\u00f3n en adtusalud.org.<\/div>\n<div aria-hidden=\"true\"><\/div>\n<div><b>Sobre AF Comunicaci\u00f3n Estrat\u00e9gica<\/b><\/div>\n<div aria-hidden=\"true\"><\/div>\n<div>Agencia especializada en consultor\u00eda de comunicaci\u00f3n estrat\u00e9gica, relaciones p\u00fablicas y organizaci\u00f3n de eventos corporativos. Su enfoque est\u00e1 en el fortalecimiento de la reputaci\u00f3n y posicionamiento de marcas a trav\u00e9s de estrategias innovadoras. Conoce m\u00e1s en afcomunicacion.com.<\/div>\n<div aria-hidden=\"true\"><\/div>\n","protected":false},"excerpt":{"rendered":"<p>La 7\u00aa edici\u00f3n del Congreso Internacional de Turismo de Salud y Bienestar ya tiene fecha: el pr\u00f3ximo 23 de octubre de 2025 en el Hotel Marriott Piantini, Santo Domingo. Este encuentro de clase mundial es la principal plataforma de networking, innovaci\u00f3n y desarrollo de negocios en turismo m\u00e9dico en Centroam\u00e9rica y el Caribe, y reunir\u00e1 [&hellip;]<\/p>\n","protected":false},"author":9,"featured_media":11602,"comment_status":"closed","ping_status":"closed","sticky":false,"template":"","format":"standard","meta":{"footnotes":""},"categories":[3086,3555,3863],"tags":[3786,3784,4701,4699,4702,1216],"class_list":["post-11601","post","type-post","status-publish","format-standard","has-post-thumbnail","hentry","category-bienestar","category-salud-y-bienestar","category-turismo-de-salud","tag-alejandro-cambiaso","tag-amelia-reyes","tag-asociacion-dominicana-de-turismo-de-salud","tag-networking","tag-salud-y-el-bienestar","tag-turismo-de-salud"],"_links":{"self":[{"href":"https:\/\/www.foodieandtraveler.com\/index.php\/wp-json\/wp\/v2\/posts\/11601","targetHints":{"allow":["GET"]}}],"collection":[{"href":"https:\/\/www.foodieandtraveler.com\/index.php\/wp-json\/wp\/v2\/posts"}],"about":[{"href":"https:\/\/www.foodieandtraveler.com\/index.php\/wp-json\/wp\/v2\/types\/post"}],"author":[{"embeddable":true,"href":"https:\/\/www.foodieandtraveler.com\/index.php\/wp-json\/wp\/v2\/users\/9"}],"replies":[{"embeddable":true,"href":"https:\/\/www.foodieandtraveler.com\/index.php\/wp-json\/wp\/v2\/comments?post=11601"}],"version-history":[{"count":0,"href":"https:\/\/www.foodieandtraveler.com\/index.php\/wp-json\/wp\/v2\/posts\/11601\/revisions"}],"wp:featuredmedia":[{"embeddable":true,"href":"https:\/\/www.foodieandtraveler.com\/index.php\/wp-json\/wp\/v2\/media\/11602"}],"wp:attachment":[{"href":"https:\/\/www.foodieandtraveler.com\/index.php\/wp-json\/wp\/v2\/media?parent=11601"}],"wp:term":[{"taxonomy":"category","embeddable":true,"href":"https:\/\/www.foodieandtraveler.com\/index.php\/wp-json\/wp\/v2\/categories?post=11601"},{"taxonomy":"post_tag","embeddable":true,"href":"https:\/\/www.foodieandtraveler.com\/index.php\/wp-json\/wp\/v2\/tags?post=11601"}],"curies":[{"name":"wp","href":"https:\/\/api.w.org\/{rel}","templated":true}]}}