{"id":11572,"date":"2025-02-11T18:18:51","date_gmt":"2025-02-11T22:18:51","guid":{"rendered":"https:\/\/www.foodieandtraveler.com\/?p=11572"},"modified":"2025-02-11T18:24:47","modified_gmt":"2025-02-11T22:24:47","slug":"david-collado-dice-turismo-invierte-mas-de-400-millones-de-pesos-en-obras-emblematicas-en-ciudad-colonial","status":"publish","type":"post","link":"https:\/\/www.foodieandtraveler.com\/index.php\/david-collado-dice-turismo-invierte-mas-de-400-millones-de-pesos-en-obras-emblematicas-en-ciudad-colonial\/","title":{"rendered":"David Collado dice turismo invierte m\u00e1s de 400 millones de pesos en obras emblem\u00e1ticas en Ciudad Colonial"},"content":{"rendered":"<p>El ministro de Turismo, David Collado, dio el primer picazo para la reconstrucci\u00f3n de las calles Eugenio Mar\u00eda de Hostos, Col\u00f3n y Callej\u00f3n Regina, de la Ciudad Colonial de Santo Domingo, cuya intervenci\u00f3n tendr\u00e1 un costo superior a los 61 millones de pesos.<\/p>\n<p>En el proyecto de intervenci\u00f3n ser\u00e1 de 7.11 km2,&#8217;que incluye de aceras, contenes, iluminaci\u00f3n, paisajismo, drenajes pluviales, adoquinado de calles y pavimentaci\u00f3n.<\/p>\n<p>Las intervenciones se desarrollan por tramos para afectar lo menos posible la movilidad, el comercio y hacer las v\u00edas m\u00e1s transitables entre los peatones. El Proyecto, a cargo del Comit\u00e9 Ejecutor de Infraestructuras de Zonas Tur\u00edsticas (CEIZTUR) del MITUR tiene un monto de RD$ 61,592,250.<\/p>\n<p>El ministro Collado inform\u00f3 que esos trabajos forman parte del proyecto de rehabilitaci\u00f3n de calles que presenta avances en su ejecuci\u00f3n y se lleva a cabo con fondos del ministerio de Turismo y el Banco Interamericano de Desarrollo por un monto de 90 millones de d\u00f3lares.<\/p>\n<p>&#8220;Estamos aqu\u00ed para dejar iniciados m\u00e1s trabajos en este gran programa de rehabilitaci\u00f3n de nuestra hist\u00f3rica Ciudad Colonial, donde hemos invertido m\u00e1s de 400 millones de pesos en obras emblem\u00e1ticas&#8221;, dijo el ministro Turismo.<\/p>\n<p>El funcionario inform\u00f3 que 8 por ciento de los turistas que llegan al pa\u00eds visitan la Ciudad Colonia, lo que ha provocado un gran dinamismo en toda la zona.<\/p>\n<p>Los trabajos a realizar por tramos consisten en la calle Col\u00f3n el tramo comprendido entre la calle Vicente Celestino Duarte y el Fuerte del Angulo, 190 metros lineales; la calle Hostos se intervendr\u00e1en los tramos entre la Jos\u00e9 Gabriel Garc\u00eda y Padre Billini, unos 187 metros y el tramo entre la Mercedes y Arzobispo Meri\u00f1o, otros 202 metros lineales.<\/p>\n<p>Adem\u00e1s del primer picazo, se anunci\u00f3 el relanzamiento del exitoso y popular programa Turizoneando, que llevar\u00e1 a cabo los fines de semana desde ahora hasta junio.<\/p>\n<p><strong>Tramos a intervenir<\/strong><\/p>\n<p>El tramo a intervenir de la Calle Col\u00f3n entre la Vicente Celestino Duarte y Fuerte del Angulo, que ser\u00e1 de Accesibilidad Universal, se intervendr\u00e1 el Muro Este (muralla), constar\u00e1 de rampas vehicular y peatonal, construcci\u00f3n de la acera Este y ampliaci\u00f3n de la acera Oeste, pavimentaci\u00f3n, construcci\u00f3n de jardineras y formalizaci\u00f3n de estacionamientos.<\/p>\n<p>Tendr\u00e1, adem\u00e1s, se\u00f1alizaci\u00f3n horizontal y vertical, Iluminaci\u00f3n, paisajismo en su acera oeste, y como equipamiento bancos de concreto, bolardos y dep\u00f3sitos de basura.<\/p>\n<p>En la calle Hostos, el tramo Jos\u00e9 Gabriel Garc\u00eda-Padre Billini tendr\u00e1 pavimentaci\u00f3n, la construcci\u00f3n de una plataforma \u00fanica de circulaci\u00f3n vehicular y peatonal con formalizaci\u00f3n de parqueos.<\/p>\n<p>Tendr\u00e1s, tambi\u00e9n, previsiones el\u00e9ctricas para media y baja tensi\u00f3n, comunicaci\u00f3n, mantenimiento y adecuaci\u00f3n pluvial. Incluye, asimismo, se\u00f1alizaci\u00f3n horizontal y vertical, as\u00ed como equipamiento, bolardos y bordillos trapezoidales.<\/p>\n<p>En tanto que el hist\u00f3rico y acogedor Callej\u00f3n de Regina recibir\u00e1 una intervenci\u00f3n de su v\u00eda de 143 metros lineales, que tendr\u00e1n a su vez, cambio de adoquines en su tramo norte y mantenimiento en su tramo sur.<\/p>\n<p>Tambi\u00e9n se har\u00e1 adecuaci\u00f3n de paisajismo, suministro de jardineras y bolardos y mantenimiento en el drenaje pluvial.<\/p>\n","protected":false},"excerpt":{"rendered":"<p>El ministro de Turismo, David Collado, dio el primer picazo para la reconstrucci\u00f3n de las calles Eugenio Mar\u00eda de Hostos, Col\u00f3n y Callej\u00f3n Regina, de la Ciudad Colonial de Santo Domingo, cuya intervenci\u00f3n tendr\u00e1 un costo superior a los 61 millones de pesos. En el proyecto de intervenci\u00f3n ser\u00e1 de 7.11 km2,&#8217;que incluye de aceras, [&hellip;]<\/p>\n","protected":false},"author":9,"featured_media":11574,"comment_status":"closed","ping_status":"closed","sticky":false,"template":"","format":"standard","meta":{"footnotes":""},"categories":[3433,48],"tags":[2957,4276,1040,2536,68,1263],"class_list":["post-11572","post","type-post","status-publish","format-standard","has-post-thumbnail","hentry","category-dominicanidad","category-turismo","tag-david-collado","tag-ministro-david-collado","tag-mitur","tag-rd","tag-republica-dominicana","tag-zona-colonial"],"_links":{"self":[{"href":"https:\/\/www.foodieandtraveler.com\/index.php\/wp-json\/wp\/v2\/posts\/11572","targetHints":{"allow":["GET"]}}],"collection":[{"href":"https:\/\/www.foodieandtraveler.com\/index.php\/wp-json\/wp\/v2\/posts"}],"about":[{"href":"https:\/\/www.foodieandtraveler.com\/index.php\/wp-json\/wp\/v2\/types\/post"}],"author":[{"embeddable":true,"href":"https:\/\/www.foodieandtraveler.com\/index.php\/wp-json\/wp\/v2\/users\/9"}],"replies":[{"embeddable":true,"href":"https:\/\/www.foodieandtraveler.com\/index.php\/wp-json\/wp\/v2\/comments?post=11572"}],"version-history":[{"count":0,"href":"https:\/\/www.foodieandtraveler.com\/index.php\/wp-json\/wp\/v2\/posts\/11572\/revisions"}],"wp:featuredmedia":[{"embeddable":true,"href":"https:\/\/www.foodieandtraveler.com\/index.php\/wp-json\/wp\/v2\/media\/11574"}],"wp:attachment":[{"href":"https:\/\/www.foodieandtraveler.com\/index.php\/wp-json\/wp\/v2\/media?parent=11572"}],"wp:term":[{"taxonomy":"category","embeddable":true,"href":"https:\/\/www.foodieandtraveler.com\/index.php\/wp-json\/wp\/v2\/categories?post=11572"},{"taxonomy":"post_tag","embeddable":true,"href":"https:\/\/www.foodieandtraveler.com\/index.php\/wp-json\/wp\/v2\/tags?post=11572"}],"curies":[{"name":"wp","href":"https:\/\/api.w.org\/{rel}","templated":true}]}}