{"id":11440,"date":"2024-12-04T20:24:13","date_gmt":"2024-12-05T00:24:13","guid":{"rendered":"https:\/\/www.foodieandtraveler.com\/?p=11440"},"modified":"2024-12-04T20:25:38","modified_gmt":"2024-12-05T00:25:38","slug":"republica-dominicana-supera-los-10-millones-de-visitantes-por-segundo-ano-consecutivo","status":"publish","type":"post","link":"https:\/\/www.foodieandtraveler.com\/index.php\/republica-dominicana-supera-los-10-millones-de-visitantes-por-segundo-ano-consecutivo\/","title":{"rendered":"Rep\u00fablica Dominicana supera los 10 millones de visitantes por segundo a\u00f1o consecutivo"},"content":{"rendered":"<p>Rep\u00fablica Dominicana sigue con pasos firmes su meta de superar los 11 millones de visitantes al final de a\u00f1o, al superar este lunes la llegada de m\u00e1s de 10,005,800 de personas, por segundo a\u00f1o consecutivo.<\/p>\n<p>As\u00ed lo informaron este lunes el presidente Luis Abinader y el ministro de Turismo, David Collado, al encabezar un acto en un hotel de la capital, donde participaron representantes de los diversos sectores que intervienen en la industria tur\u00edstica.<\/p>\n<p>Al pasar balance del comportamiento del sector en lo que va de a\u00f1os, el presidente Abinader destac\u00f3 elimpacto que tiene turismo en la econom\u00eda dominicana y en la generaci\u00f3n de empleos. Aseguro que al final de este a\u00f1o se romper\u00e1 la barrera de los 11 millones de visitantes.<\/p>\n<p>El mandatario dijo estar muy optimismo con el turismo y asegur\u00f3 que se trabaja en fortalecer los destinos existentes e incentivar los nuevos enclaves.<\/p>\n<p>El ministro Collado inform\u00f3 que solo en noviembre el pa\u00eds recibi\u00f3 881,499, un 54% mes que el mismo mes del 2019, 15% por encima que en el 2022 y 2% superior al a\u00f1o pasado.<\/p>\n<p>Indic\u00f3 que solo el mes pasado el pa\u00eds recibi\u00f3, por la v\u00eda a\u00e9rea, 667,45, lo representa un crecimiento de un 44% con relaci\u00f3n a noviembre del a\u00f1o pasado, 17% respecto al 2022 y un 5% frente al 2023.<\/p>\n<p>Dijo que por la v\u00eda mar\u00edtima el pa\u00eds recibi\u00f3 214,454 crecieristas, un 93% m\u00e1s que en noviembre del 2019 y un 10% superior al 2022. El funcionario garantiz\u00f3 que se mantendr\u00e1n los incentivos al sector tur\u00edstico, debido al crecimiento sostenido que mantiene el sector.<\/p>\n<p>El presidente de la Asociaci\u00f3n de Hoteles y Turismo (ASONAHORES), David Llibre, inform\u00f3 que a la fecha se han. registrado m\u00e1s de 4,500 vuelos comerciales con una ocupaci\u00f3n hotelera de un 76%. Asimismo dijo que actualmente en el pa\u00eds existen 400 hoteles con m\u00e1s de 84,000 habitaciones.<\/p>\n<p>Se recuerda que la industria tur\u00edstica genera mas de 720,000 empleos de manera directa, indirecta e inducida para un 18% de la empleoman\u00eda del pa\u00eds.<\/p>\n","protected":false},"excerpt":{"rendered":"<p>Rep\u00fablica Dominicana sigue con pasos firmes su meta de superar los 11 millones de visitantes al final de a\u00f1o, al superar este lunes la llegada de m\u00e1s de 10,005,800 de personas, por segundo a\u00f1o consecutivo. As\u00ed lo informaron este lunes el presidente Luis Abinader y el ministro de Turismo, David Collado, al encabezar un acto [&hellip;]<\/p>\n","protected":false},"author":9,"featured_media":11441,"comment_status":"closed","ping_status":"closed","sticky":false,"template":"","format":"standard","meta":{"footnotes":""},"categories":[48],"tags":[2957,4620,3192,1040,2536,116],"class_list":["post-11440","post","type-post","status-publish","format-standard","has-post-thumbnail","hentry","category-turismo","tag-david-collado","tag-llegada-de-visitantes","tag-ministro-de-turismo","tag-mitur","tag-rd","tag-turismo"],"_links":{"self":[{"href":"https:\/\/www.foodieandtraveler.com\/index.php\/wp-json\/wp\/v2\/posts\/11440","targetHints":{"allow":["GET"]}}],"collection":[{"href":"https:\/\/www.foodieandtraveler.com\/index.php\/wp-json\/wp\/v2\/posts"}],"about":[{"href":"https:\/\/www.foodieandtraveler.com\/index.php\/wp-json\/wp\/v2\/types\/post"}],"author":[{"embeddable":true,"href":"https:\/\/www.foodieandtraveler.com\/index.php\/wp-json\/wp\/v2\/users\/9"}],"replies":[{"embeddable":true,"href":"https:\/\/www.foodieandtraveler.com\/index.php\/wp-json\/wp\/v2\/comments?post=11440"}],"version-history":[{"count":0,"href":"https:\/\/www.foodieandtraveler.com\/index.php\/wp-json\/wp\/v2\/posts\/11440\/revisions"}],"wp:featuredmedia":[{"embeddable":true,"href":"https:\/\/www.foodieandtraveler.com\/index.php\/wp-json\/wp\/v2\/media\/11441"}],"wp:attachment":[{"href":"https:\/\/www.foodieandtraveler.com\/index.php\/wp-json\/wp\/v2\/media?parent=11440"}],"wp:term":[{"taxonomy":"category","embeddable":true,"href":"https:\/\/www.foodieandtraveler.com\/index.php\/wp-json\/wp\/v2\/categories?post=11440"},{"taxonomy":"post_tag","embeddable":true,"href":"https:\/\/www.foodieandtraveler.com\/index.php\/wp-json\/wp\/v2\/tags?post=11440"}],"curies":[{"name":"wp","href":"https:\/\/api.w.org\/{rel}","templated":true}]}}