{"id":11437,"date":"2024-12-04T20:15:00","date_gmt":"2024-12-05T00:15:00","guid":{"rendered":"https:\/\/www.foodieandtraveler.com\/?p=11437"},"modified":"2024-12-04T20:16:15","modified_gmt":"2024-12-05T00:16:15","slug":"carlos-rodoli-buscamos-motorizar-el-turismo-frances-en-el-paris-bachata-festival","status":"publish","type":"post","link":"https:\/\/www.foodieandtraveler.com\/index.php\/carlos-rodoli-buscamos-motorizar-el-turismo-frances-en-el-paris-bachata-festival\/","title":{"rendered":"Carlos Rodol\u00ed: Buscamos motorizar el turismo franc\u00e9s en el Paris Bachata Festival"},"content":{"rendered":"<p class=\"x_MsoNormal\"><span lang=\"ES-DO\" data-olk-copy-source=\"MessageBody\">El presidente de la Asociaci\u00f3n de Hoteles y Empresas Tur\u00edsticas del Norte (ASHONORTE) en Rep\u00fablica Dominicana Carlos Rodol\u00ed al participar en la 12va edici\u00f3n del Par\u00eds Bachata Festival manifest\u00f3 que la bachata es el producto dominicano m\u00e1s trascendental a nivel global y en consecuencia lo m\u00e1s inteligente es subirnos sobre esa plataforma para promocionar nuestro destino, en especial la costa norte de Rep\u00fablica Dominicana.<\/span><\/p>\n<p class=\"x_MsoNormal\"><span lang=\"ES-DO\">Rodol\u00ed durante la entrevista tambi\u00e9n destac\u00f3 que, siendo Francia la ciudad m\u00e1s visitada del mundo y donde se realizan siete importantes eventos de bachata, lo motiva a asistir y reunirse con los organizadores de estos eventos e invitarlos a inducir a los franceses amantes del baile de la bachata a vivir la experiencia del ADN Bachata World Festival 2025 a celebrarse en las ciudades de Puerto Plata y Santiago, del 23 al 26 de enero en esta oportunidad dedicada a Francia como pa\u00eds invitado en una alianza con la embajada francesa en Rep\u00fablica Dominicana.<\/span><\/p>\n<p class=\"x_MsoNormal\"><span lang=\"ES-DO\">ADN Bachata World Festival 2025 estar\u00e1 dedicado a uno de los pioneros de la bachata Leonardo Paniagua por sus aportes al g\u00e9nero musical que hoy se pasea por el mundo, y ser\u00e1 realizado en las instalaciones del complejo Playa Dorada y como hotel anfitri\u00f3n el Emotion Hodelpa y co-anfitriones Hotel V-Heavens, Hotel Gran Ventana y Hotel BlueBay.<\/span><\/p>\n<p class=\"x_MsoNormal\"><span lang=\"ES-DO\">Como una manera de agradar a todos los participantes internacionales y locales se ofrecer\u00e1 una fiesta de bienvenida que se realizar\u00e1 en el Parque Central de Puerto Plata, el acto formal de apertura en el Anfiteatro de Puerto Plata y como base de alojamientos fiestas, concursos y competencia internacional las instalaciones del complejo Playa Dorada.<\/span><\/p>\n","protected":false},"excerpt":{"rendered":"<p>El presidente de la Asociaci\u00f3n de Hoteles y Empresas Tur\u00edsticas del Norte (ASHONORTE) en Rep\u00fablica Dominicana Carlos Rodol\u00ed al participar en la 12va edici\u00f3n del Par\u00eds Bachata Festival manifest\u00f3 que la bachata es el producto dominicano m\u00e1s trascendental a nivel global y en consecuencia lo m\u00e1s inteligente es subirnos sobre esa plataforma para promocionar nuestro [&hellip;]<\/p>\n","protected":false},"author":9,"featured_media":11438,"comment_status":"closed","ping_status":"closed","sticky":false,"template":"","format":"standard","meta":{"footnotes":""},"categories":[3241,48],"tags":[3740,3559,4619,140],"class_list":["post-11437","post","type-post","status-publish","format-standard","has-post-thumbnail","hentry","category-arte-cultura","category-turismo","tag-adn-bachata","tag-arte-y-cultura","tag-carlos-rodoli","tag-francia"],"_links":{"self":[{"href":"https:\/\/www.foodieandtraveler.com\/index.php\/wp-json\/wp\/v2\/posts\/11437","targetHints":{"allow":["GET"]}}],"collection":[{"href":"https:\/\/www.foodieandtraveler.com\/index.php\/wp-json\/wp\/v2\/posts"}],"about":[{"href":"https:\/\/www.foodieandtraveler.com\/index.php\/wp-json\/wp\/v2\/types\/post"}],"author":[{"embeddable":true,"href":"https:\/\/www.foodieandtraveler.com\/index.php\/wp-json\/wp\/v2\/users\/9"}],"replies":[{"embeddable":true,"href":"https:\/\/www.foodieandtraveler.com\/index.php\/wp-json\/wp\/v2\/comments?post=11437"}],"version-history":[{"count":0,"href":"https:\/\/www.foodieandtraveler.com\/index.php\/wp-json\/wp\/v2\/posts\/11437\/revisions"}],"wp:featuredmedia":[{"embeddable":true,"href":"https:\/\/www.foodieandtraveler.com\/index.php\/wp-json\/wp\/v2\/media\/11438"}],"wp:attachment":[{"href":"https:\/\/www.foodieandtraveler.com\/index.php\/wp-json\/wp\/v2\/media?parent=11437"}],"wp:term":[{"taxonomy":"category","embeddable":true,"href":"https:\/\/www.foodieandtraveler.com\/index.php\/wp-json\/wp\/v2\/categories?post=11437"},{"taxonomy":"post_tag","embeddable":true,"href":"https:\/\/www.foodieandtraveler.com\/index.php\/wp-json\/wp\/v2\/tags?post=11437"}],"curies":[{"name":"wp","href":"https:\/\/api.w.org\/{rel}","templated":true}]}}