{"id":11410,"date":"2024-11-26T17:46:24","date_gmt":"2024-11-26T21:46:24","guid":{"rendered":"https:\/\/www.foodieandtraveler.com\/?p=11410"},"modified":"2024-11-26T17:46:24","modified_gmt":"2024-11-26T21:46:24","slug":"cluster-turistico-de-puerto-plata-apoya-medidas-para-la-recuperacion-y-reordenamiento-de-playa-sosua","status":"publish","type":"post","link":"https:\/\/www.foodieandtraveler.com\/index.php\/cluster-turistico-de-puerto-plata-apoya-medidas-para-la-recuperacion-y-reordenamiento-de-playa-sosua\/","title":{"rendered":"Cl\u00faster Tur\u00edstico de Puerto Plata apoya medidas para la recuperaci\u00f3n y reordenamiento de Playa Sos\u00faa"},"content":{"rendered":"<p dir=\"ltr\"><span data-olk-copy-source=\"MessageBody\">El Cl\u00faster Tur\u00edstico del Destino Puerto Plata (CTDPP) expresa su total respaldo a las acciones lideradas por el Gobierno Dominicano para la recuperaci\u00f3n y el reordenamiento de la playa de Sos\u00faa. Estas medidas son un paso esencial para preservar los recursos naturales, revitalizar el turismo y fomentar el desarrollo sostenible en beneficio de las comunidades locales y los visitantes.<\/span><\/p>\n<p dir=\"ltr\">La instituci\u00f3n reconoce y valora la inversi\u00f3n realizada por el Gobierno, junto con la colaboraci\u00f3n interinstitucional entre el Ministerio de Medio Ambiente y Recursos Naturales, SENPA, URBE, MITUR, la Armada Nacional, la Polic\u00eda Nacional, POLITUR y la Alcald\u00eda de Sos\u00faa. Con estas intervenciones, se busca no solo rescatar un espacio emblem\u00e1tico para el turismo, sino tambi\u00e9n garantizar que este recurso sea protegido para las futuras generaciones.<\/p>\n<p dir=\"ltr\">Birgitt Heinsen, presidenta de la instituci\u00f3n, en representaci\u00f3n de su directiva, fij\u00f3 su posici\u00f3n, expresando que: \u201cLa implementaci\u00f3n de este proyecto no solo velar\u00e1 por garantizar un uso adecuado de la playa, sino tambi\u00e9n por crear entornos seguros y familiares para los residentes y turistas, impulsando la econom\u00eda local. Por lo tanto, desde el Cl\u00faster apoyamos firmemente este tipo de iniciativas y hacemos un llamado a las autoridades locales para que mantengan el orden en la zona y se aseguren de que estas medidas se cumplan de manera permanente.\u201d<\/p>\n<p dir=\"ltr\">Adem\u00e1s, asegur\u00f3 \u201cnos comprometemos a permanecer vigilantes para garantizar que los espacios recuperados sean utilizados de manera adecuada, respetando el prop\u00f3sito de preservaci\u00f3n y desarrollo con el que fueron dise\u00f1ados. Asimismo, instamos a la comunidad a valorar y cuidar este esfuerzo conjunto, reconociendo que solo con la cooperaci\u00f3n de todos lograremos consolidar un Sos\u00faa renovado, sostenible y acogedor para las familias y los visitantes.\u201d<\/p>\n<p dir=\"ltr\">El Cl\u00faster reiter\u00f3 su disposici\u00f3n para colaborar en todo lo que sea necesario para asegurar el \u00e9xito de este proyecto, reafirmando su compromiso con la conservaci\u00f3n y el desarrollo de nuestro entorno natural y tur\u00edstico.<\/p>\n","protected":false},"excerpt":{"rendered":"<p>El Cl\u00faster Tur\u00edstico del Destino Puerto Plata (CTDPP) expresa su total respaldo a las acciones lideradas por el Gobierno Dominicano para la recuperaci\u00f3n y el reordenamiento de la playa de Sos\u00faa. Estas medidas son un paso esencial para preservar los recursos naturales, revitalizar el turismo y fomentar el desarrollo sostenible en beneficio de las comunidades [&hellip;]<\/p>\n","protected":false},"author":9,"featured_media":11411,"comment_status":"closed","ping_status":"closed","sticky":false,"template":"","format":"standard","meta":{"footnotes":""},"categories":[48],"tags":[4607,4609,4608,3484,254,3428],"class_list":["post-11410","post","type-post","status-publish","format-standard","has-post-thumbnail","hentry","category-turismo","tag-cluster-turistico-de-puerto-plata","tag-ministerio-de-medio-ambiente","tag-playa-de-sosua","tag-politur","tag-puerto-plata","tag-sosua"],"_links":{"self":[{"href":"https:\/\/www.foodieandtraveler.com\/index.php\/wp-json\/wp\/v2\/posts\/11410","targetHints":{"allow":["GET"]}}],"collection":[{"href":"https:\/\/www.foodieandtraveler.com\/index.php\/wp-json\/wp\/v2\/posts"}],"about":[{"href":"https:\/\/www.foodieandtraveler.com\/index.php\/wp-json\/wp\/v2\/types\/post"}],"author":[{"embeddable":true,"href":"https:\/\/www.foodieandtraveler.com\/index.php\/wp-json\/wp\/v2\/users\/9"}],"replies":[{"embeddable":true,"href":"https:\/\/www.foodieandtraveler.com\/index.php\/wp-json\/wp\/v2\/comments?post=11410"}],"version-history":[{"count":0,"href":"https:\/\/www.foodieandtraveler.com\/index.php\/wp-json\/wp\/v2\/posts\/11410\/revisions"}],"wp:featuredmedia":[{"embeddable":true,"href":"https:\/\/www.foodieandtraveler.com\/index.php\/wp-json\/wp\/v2\/media\/11411"}],"wp:attachment":[{"href":"https:\/\/www.foodieandtraveler.com\/index.php\/wp-json\/wp\/v2\/media?parent=11410"}],"wp:term":[{"taxonomy":"category","embeddable":true,"href":"https:\/\/www.foodieandtraveler.com\/index.php\/wp-json\/wp\/v2\/categories?post=11410"},{"taxonomy":"post_tag","embeddable":true,"href":"https:\/\/www.foodieandtraveler.com\/index.php\/wp-json\/wp\/v2\/tags?post=11410"}],"curies":[{"name":"wp","href":"https:\/\/api.w.org\/{rel}","templated":true}]}}