{"id":11405,"date":"2024-11-26T17:37:17","date_gmt":"2024-11-26T21:37:17","guid":{"rendered":"https:\/\/www.foodieandtraveler.com\/?p=11405"},"modified":"2024-11-26T17:40:39","modified_gmt":"2024-11-26T21:40:39","slug":"cluster-ecoturistico-de-la-provincia-espaillat-anuncia-su-proyecto-de-guia-informativa","status":"publish","type":"post","link":"https:\/\/www.foodieandtraveler.com\/index.php\/cluster-ecoturistico-de-la-provincia-espaillat-anuncia-su-proyecto-de-guia-informativa\/","title":{"rendered":"Cl\u00faster Ecotur\u00edstico de la provincia Espaillat anuncia su proyecto de gu\u00eda informativa"},"content":{"rendered":"<p dir=\"ltr\">La provincia de Espaillat se prepara para revelar su riqueza natural y cultural con la publicaci\u00f3n de su primera Gu\u00eda Ecotur\u00edstica, un proyecto que promete mostrar la belleza y diversidad de la provincia, brindando a los visitantes una experiencia \u00fanica para explorar y disfrutar en cada rinc\u00f3n de esta joya dominicana.<\/p>\n<p dir=\"ltr\">La Gu\u00eda Ecotur\u00edstica de Espaillat ser\u00e1 un instrumento de orientaci\u00f3n tanto en formatos f\u00edsico y digital, adapt\u00e1ndose a las necesidades de todos los viajeros locales e internacionales. Con el objetivo de facilitar el acceso a esta valiosa informaci\u00f3n, la gu\u00eda se traducir\u00e1 a los idiomas ingl\u00e9s y espa\u00f1ol, convirti\u00e9ndose en la herramienta perfecta para conocer la provincia de extremo a extremo.<\/p>\n<p dir=\"ltr\">Rafael Garc\u00eda Hern\u00e1ndez, presidente del cl\u00faster, resalt\u00f3 la relevancia de este proyecto al afirmar: &#8220;Esta gu\u00eda informativa complementa los esfuerzos promocionales que hemos llevado a cabo desde el Cl\u00faster Ecotur\u00edstico para destacar nuestra variada oferta ecotur\u00edstica. A trav\u00e9s de la Gu\u00eda Ecotur\u00edstica de la provincia Espaillat, buscamos poner en valor nuestro patrimonio natural y cultural, promoviendo un desarrollo tur\u00edstico equilibrado y responsable que fomente un turismo consciente, respetuoso y comprometido con la preservaci\u00f3n de nuestro entorno&#8221;.<\/p>\n<p dir=\"ltr\">Asimismo, Rosa Rivas, directora Ejecutiva del cl\u00faster, enfatiz\u00f3 el impacto positivo que este proyecto tendr\u00e1 en la comunidad local. \u201cLas gu\u00edas informativas son esenciales para promover destinos emergentes, como el nuestro, ya que aumentan su visibilidad y educan a los turistas sobre los atractivos y recursos locales, fomentando un turismo m\u00e1s consciente y sostenible. Adem\u00e1s, apoyan las econom\u00edas locales al destacar negocios como restaurantes y hoteles, mientras diversifican la oferta tur\u00edstica y facilitan la planificaci\u00f3n de viajes.\u201d.<\/p>\n<p dir=\"ltr\">Para la ejecuci\u00f3n de este proyecto, invitamos a participar a los actores clave de la cadena de valor del sector tur\u00edstico y de servicios de la provincia Espaillat, incluyendo empresarios, emprendedores y entidades p\u00fablicas. Seg\u00fan afirm\u00f3 Rivas, este esfuerzo colaborativo ser\u00e1 fundamental para impulsar el inter\u00e9s tur\u00edstico y promover el desarrollo econ\u00f3mico local.<\/p>\n<p dir=\"ltr\"><strong>Promueve tu empresa en la Gu\u00eda de Ecotur\u00edstica de Espaillat<\/strong><\/p>\n<p dir=\"ltr\">La Gu\u00eda de Ecotur\u00edstica de Espaillat se distribuir\u00e1 en centros tur\u00edsticos, hoteles, agencias de viajes y otros puntos estrat\u00e9gicos a nivel nacional, ampliando su alcance a trav\u00e9s de su versi\u00f3n digital. Esta gu\u00eda ofrece una excelente oportunidad para que empresas y emprendimientos promocionen sus servicios y productos mediante espacios publicitarios en diversas modalidades, que van desde p\u00e1ginas completas hasta medias p\u00e1ginas y publirreportajes.<\/p>\n<p dir=\"ltr\">La edici\u00f3n de esta gu\u00eda est\u00e1 a cargo de Grupo Sarma, S.R.L., empresa de marketing tur\u00edstico y comunicaci\u00f3n estrat\u00e9gica con amplia experiencia en el sector, responsable de las gu\u00edas ecotur\u00edsticas de Constanza, Hato Mayor, Jarabacoa, Pedernales, la segunda edici\u00f3n de la Gu\u00eda Gastron\u00f3mica Dominicana y la primera versi\u00f3n de la Gu\u00eda del Circuito de Turismo Sostenible de Saman\u00e1.<\/p>\n<p dir=\"ltr\"><strong>Acerca del Cl\u00faster Ecotur\u00edstico de la provincia Espaillat\u00a0<\/strong><\/p>\n<p dir=\"ltr\">En 2014, por iniciativa de la Asociaci\u00f3n para el Desarrollo de la Provincia Espaillat (ADEPE), se cre\u00f3 el Cl\u00faster Ecotur\u00edstico de la\u00a0 provincia Espaillat con el objetivo de promover el desarrollo tur\u00edstico de la provincia. Este se logra a trav\u00e9s del dise\u00f1o, coordinaci\u00f3n y seguimiento de procesos, programas y proyectos en colaboraci\u00f3n con diversas entidades e interlocutores a nivel municipal, provincial, nacional e internacional.<\/p>\n<p dir=\"ltr\">Adem\u00e1s, el Cl\u00faster se enfoca en la promoci\u00f3n del destino, la mejora e innovaci\u00f3n de productos y servicios tur\u00edsticos, la implementaci\u00f3n de programas de sensibilizaci\u00f3n sobre cultura tur\u00edstica, y la creaci\u00f3n de oportunidades econ\u00f3micas locales para emprendedores y empresarios del sector.<\/p>\n","protected":false},"excerpt":{"rendered":"<p>La provincia de Espaillat se prepara para revelar su riqueza natural y cultural con la publicaci\u00f3n de su primera Gu\u00eda Ecotur\u00edstica, un proyecto que promete mostrar la belleza y diversidad de la provincia, brindando a los visitantes una experiencia \u00fanica para explorar y disfrutar en cada rinc\u00f3n de esta joya dominicana. La Gu\u00eda Ecotur\u00edstica de [&hellip;]<\/p>\n","protected":false},"author":9,"featured_media":11406,"comment_status":"closed","ping_status":"closed","sticky":false,"template":"","format":"standard","meta":{"footnotes":""},"categories":[48],"tags":[4606,299,3607,116],"class_list":["post-11405","post","type-post","status-publish","format-standard","has-post-thumbnail","hentry","category-turismo","tag-cluster-ecoturistico-de-espaillat","tag-ecoturismo","tag-provincia-espaillat","tag-turismo"],"_links":{"self":[{"href":"https:\/\/www.foodieandtraveler.com\/index.php\/wp-json\/wp\/v2\/posts\/11405","targetHints":{"allow":["GET"]}}],"collection":[{"href":"https:\/\/www.foodieandtraveler.com\/index.php\/wp-json\/wp\/v2\/posts"}],"about":[{"href":"https:\/\/www.foodieandtraveler.com\/index.php\/wp-json\/wp\/v2\/types\/post"}],"author":[{"embeddable":true,"href":"https:\/\/www.foodieandtraveler.com\/index.php\/wp-json\/wp\/v2\/users\/9"}],"replies":[{"embeddable":true,"href":"https:\/\/www.foodieandtraveler.com\/index.php\/wp-json\/wp\/v2\/comments?post=11405"}],"version-history":[{"count":0,"href":"https:\/\/www.foodieandtraveler.com\/index.php\/wp-json\/wp\/v2\/posts\/11405\/revisions"}],"wp:featuredmedia":[{"embeddable":true,"href":"https:\/\/www.foodieandtraveler.com\/index.php\/wp-json\/wp\/v2\/media\/11406"}],"wp:attachment":[{"href":"https:\/\/www.foodieandtraveler.com\/index.php\/wp-json\/wp\/v2\/media?parent=11405"}],"wp:term":[{"taxonomy":"category","embeddable":true,"href":"https:\/\/www.foodieandtraveler.com\/index.php\/wp-json\/wp\/v2\/categories?post=11405"},{"taxonomy":"post_tag","embeddable":true,"href":"https:\/\/www.foodieandtraveler.com\/index.php\/wp-json\/wp\/v2\/tags?post=11405"}],"curies":[{"name":"wp","href":"https:\/\/api.w.org\/{rel}","templated":true}]}}