{"id":11360,"date":"2024-11-20T12:13:11","date_gmt":"2024-11-20T16:13:11","guid":{"rendered":"https:\/\/www.foodieandtraveler.com\/?p=11360"},"modified":"2024-11-20T12:13:18","modified_gmt":"2024-11-20T16:13:18","slug":"arajet-y-el-ballet-nacional-dominicano-realizan-funcion-especial-de-obra-botero","status":"publish","type":"post","link":"https:\/\/www.foodieandtraveler.com\/index.php\/arajet-y-el-ballet-nacional-dominicano-realizan-funcion-especial-de-obra-botero\/","title":{"rendered":"Arajet y el Ballet Nacional Dominicano realizan funci\u00f3n especial de obra \u201cBotero\u201d"},"content":{"rendered":"<p class=\"x_MsoNormal\"><span data-olk-copy-source=\"MessageBody\">Arajet, la l\u00ednea a\u00e9rea de precios bajos estableci\u00f3 una colaboraci\u00f3n como patrocinador oficial del Ballet Nacional Dominicano con el objetivo de elevar el arte y la cultura del pa\u00eds contribuyendo a enriquecer el panorama art\u00edstico.<\/span><\/p>\n<p class=\"x_MsoNormal\">Como parte de esta iniciativa se realiz\u00f3 una presentaci\u00f3n especial para colaboradores de Arajet de la pieza \u201cBotero\u201d de Annabelle Lopez y bajo la direcci\u00f3n de Stephanie Bauger, inspirada en las obras del pintor Colombiano Fernando Botero destacando su estilo distintivo con figuras voluminosas y exageradas.<\/p>\n<p class=\"x_MsoNormal\">Manuel Luna, Chief Communications And External Affairs Officer de Arajet, expres\u00f3 la satisfacci\u00f3n de la aerol\u00ednea de aportar a conectar el continente a trav\u00e9s de un sello cultural que refleje la identidad de la Rep\u00fablica Dominicana y el resto de la regi\u00f3n.<\/p>\n<p class=\"x_MsoNormal\">\u201cPara Arajet es un gran honor apoyar estas iniciativas y es parte de nuestro compromiso con el arte del pa\u00eds impulsando la cultura y actividades art\u00edsticas que promuevan nuestra identidad \u201c, afirm\u00f3 Luna.<\/p>\n<p class=\"x_MsoNormal\">Stephanie Bauger, directora del Ballet Nacional Dominicano, indic\u00f3 que Arajet ha sido fundamental para esta etapa de expansi\u00f3n de las producciones y artistas locales, y agradeci\u00f3 la colaboraci\u00f3n para continuar elevando el arte y la cultura.<\/p>\n<p class=\"x_MsoNormal\">La funci\u00f3n fue realizada en el marco de la Feria Internacional del Libro en la Sala Carlos Piantini del Teatro Nacional donde los colaboradores de Arajet y sus familiares pudieron apreciar de una manera creativa la vida y obra de este artista Colombiano.<\/p>\n","protected":false},"excerpt":{"rendered":"<p>Arajet, la l\u00ednea a\u00e9rea de precios bajos estableci\u00f3 una colaboraci\u00f3n como patrocinador oficial del Ballet Nacional Dominicano con el objetivo de elevar el arte y la cultura del pa\u00eds contribuyendo a enriquecer el panorama art\u00edstico. Como parte de esta iniciativa se realiz\u00f3 una presentaci\u00f3n especial para colaboradores de Arajet de la pieza \u201cBotero\u201d de Annabelle [&hellip;]<\/p>\n","protected":false},"author":9,"featured_media":11361,"comment_status":"closed","ping_status":"closed","sticky":false,"template":"","format":"standard","meta":{"footnotes":""},"categories":[2843,3241],"tags":[3722,3559,4589,4590,4554],"class_list":["post-11360","post","type-post","status-publish","format-standard","has-post-thumbnail","hentry","category-aerolineas","category-arte-cultura","tag-arajet","tag-arte-y-cultura","tag-ballet-nacional-dominicano","tag-botero","tag-feria-del-libro"],"_links":{"self":[{"href":"https:\/\/www.foodieandtraveler.com\/index.php\/wp-json\/wp\/v2\/posts\/11360","targetHints":{"allow":["GET"]}}],"collection":[{"href":"https:\/\/www.foodieandtraveler.com\/index.php\/wp-json\/wp\/v2\/posts"}],"about":[{"href":"https:\/\/www.foodieandtraveler.com\/index.php\/wp-json\/wp\/v2\/types\/post"}],"author":[{"embeddable":true,"href":"https:\/\/www.foodieandtraveler.com\/index.php\/wp-json\/wp\/v2\/users\/9"}],"replies":[{"embeddable":true,"href":"https:\/\/www.foodieandtraveler.com\/index.php\/wp-json\/wp\/v2\/comments?post=11360"}],"version-history":[{"count":0,"href":"https:\/\/www.foodieandtraveler.com\/index.php\/wp-json\/wp\/v2\/posts\/11360\/revisions"}],"wp:featuredmedia":[{"embeddable":true,"href":"https:\/\/www.foodieandtraveler.com\/index.php\/wp-json\/wp\/v2\/media\/11361"}],"wp:attachment":[{"href":"https:\/\/www.foodieandtraveler.com\/index.php\/wp-json\/wp\/v2\/media?parent=11360"}],"wp:term":[{"taxonomy":"category","embeddable":true,"href":"https:\/\/www.foodieandtraveler.com\/index.php\/wp-json\/wp\/v2\/categories?post=11360"},{"taxonomy":"post_tag","embeddable":true,"href":"https:\/\/www.foodieandtraveler.com\/index.php\/wp-json\/wp\/v2\/tags?post=11360"}],"curies":[{"name":"wp","href":"https:\/\/api.w.org\/{rel}","templated":true}]}}