{"id":11312,"date":"2024-11-02T09:19:08","date_gmt":"2024-11-02T13:19:08","guid":{"rendered":"https:\/\/www.foodieandtraveler.com\/?p=11312"},"modified":"2024-11-02T09:19:27","modified_gmt":"2024-11-02T13:19:27","slug":"inauguran-exposicion-del-escultor-salvador-vassallo-en-la-quinta-dominica","status":"publish","type":"post","link":"https:\/\/www.foodieandtraveler.com\/index.php\/inauguran-exposicion-del-escultor-salvador-vassallo-en-la-quinta-dominica\/","title":{"rendered":"Inauguran exposici\u00f3n del escultor Salvador Vassallo en la Quinta Dominica"},"content":{"rendered":"<p>La familia del escultor dominicano Salvador Vassallo inaugur\u00f3 la exposici\u00f3n individual del artista titulada,\u00a0<strong><em>\u201cVassallo In Memoriam\u201d<\/em><\/strong>, en la Quinta Dominica, ubicada en la Ciudad Colonial, para conmemorar el a\u00f1o que se celebrar\u00eda su cumplea\u00f1os n\u00famero 80.<\/p>\n<p>Soledad de Vassallo, viuda del artista, expres\u00f3 que, \u201cesta In Memoriam, presenta una visi\u00f3n generalizada de cada una de las exposiciones individuales que realiz\u00f3, con piezas in\u00e9ditas, diferentes, exclusivas, surrealistas, figurativas, reales tratadas de una manera especial y espacial, que ahora les toca a ustedes descubrir cada etapa, y disfrutarla, como yo la he vuelto a disfrutar\u201d.<\/p>\n<p>De Vassallo mencion\u00f3 algunas de las piezas ic\u00f3nicas que se estar\u00e1n exhibiendo en este espacio:\u00a0<strong>Davinesca (de seria las Marchantas), Pit\u00e1 (de la serie\u00a0 Los Cocolos), Pretor magnum (de la serie Los Pretorianos), de Cara Al Sol (acero), Figuraci\u00f3n uno a los veinte (materiales diversos), B\u00fafalo de Agua (m\u00e1rmol), Monje Alado (de la serie Los Mojes)<\/strong><\/p>\n<p>La exposici\u00f3n Vassallo In Memoriam muestra parte el legado art\u00edstico de uno de los pocos escultores dominicanos multifac\u00e9ticos, cuyo trabajo involucr\u00f3 una gran diversidad de materiales, como la madera, la piedra, el hierro, el acero, el m\u00e1rmol, el bronce entre otros.<\/p>\n<p>La exhibici\u00f3n cuenta con 61<strong>\u00a0<\/strong>obras as\u00ed como tambi\u00e9n \u00a0una muestra de dibujos y piezas nunca antes expuestas, en una diversidad de formatos, estilos y materiales, que hace un recorrido por las diferentes etapas y exposiciones de Vassallo, tanto individual como colectivo.<\/p>\n<p>Las obras estar\u00e1n expuestas al p\u00fablico hasta el 11 de noviembre en la Quinta Dominica de martes a viernes de 9:30 a.m. a 6 p.m. y los fines de semana 12 p.m. a 9 p.m.<\/p>\n<p><strong>Sobre Salvador Vassallo<\/strong><\/p>\n<p>El escultor dominicano Salvador Vassallo, nacido en el a\u00f1o 1944, ingres\u00f3 en 1960 a la Escuela Nacional de Bellas Artes, donde recibi\u00f3 clases del profesor Gilberto Hern\u00e1ndez Ortega. Tambi\u00e9n fue alumno de pintura de la Escuela de Ada Balc\u00e1cer y del Centro de Arte C\u00e1ndido Bid\u00f3 y de Antonio Prats Vent\u00f3s. En 1971 se gradu\u00f3 en Dise\u00f1o y Decoraci\u00f3n de Interiores en la Universidad Nacional Pedro Henr\u00edquez Ure\u00f1a. Realiz\u00f3 m\u00faltiples exposiciones individuales de esculturas tanto en Rep\u00fablica Dominicana como en el exterior y en sus obras plasma una diversidad de estilos, formas, t\u00e9cnicas y materiales, diversidad que siempre lo caracteriz\u00f3.<\/p>\n<p>El hurac\u00e1n David, tras su paso por la Rep\u00fablica Dominicana en el a\u00f1o 1979, fue un fen\u00f3meno de la naturaleza que marc\u00f3 su entrada definitiva a la escultura, ya que la ca\u00edda de \u00e1rboles en las cercan\u00edas de su hogar, en el sector de le Esperilla, fueron el impulso para que el quisiera darle forma al tronco de una caoba que por muchos a\u00f1os cubr\u00eda con su sombra y verdor la calle donde viv\u00eda; ah\u00ed naci\u00f3 \u201cDavinesca\u201d, su primera escultura en caoba y cobre.<\/p>\n<p>Luna de Quisqueya, una obra en acero inoxidable de 25 pies de altura se encuentra en los jardines de la Universidad de Lowell (Massachussets, Estados Unidos). La misma fue adquirida por esa instituci\u00f3n en 1996.<\/p>\n<p>Muchas de sus piezas se encuentran en colecciones p\u00fablicas y privadas de la Rep\u00fablica Dominicana, M\u00e9xico, Espa\u00f1a, Estados Unidos e Israel.<\/p>\n","protected":false},"excerpt":{"rendered":"<p>La familia del escultor dominicano Salvador Vassallo inaugur\u00f3 la exposici\u00f3n individual del artista titulada,\u00a0\u201cVassallo In Memoriam\u201d, en la Quinta Dominica, ubicada en la Ciudad Colonial, para conmemorar el a\u00f1o que se celebrar\u00eda su cumplea\u00f1os n\u00famero 80. Soledad de Vassallo, viuda del artista, expres\u00f3 que, \u201cesta In Memoriam, presenta una visi\u00f3n generalizada de cada una de [&hellip;]<\/p>\n","protected":false},"author":9,"featured_media":11313,"comment_status":"closed","ping_status":"closed","sticky":false,"template":"","format":"standard","meta":{"footnotes":""},"categories":[3241],"tags":[3559,4566,4567,4564,4565],"class_list":["post-11312","post","type-post","status-publish","format-standard","has-post-thumbnail","hentry","category-arte-cultura","tag-arte-y-cultura","tag-escultorico","tag-esculturas","tag-obra-de-arte","tag-salvador-vassallo"],"_links":{"self":[{"href":"https:\/\/www.foodieandtraveler.com\/index.php\/wp-json\/wp\/v2\/posts\/11312","targetHints":{"allow":["GET"]}}],"collection":[{"href":"https:\/\/www.foodieandtraveler.com\/index.php\/wp-json\/wp\/v2\/posts"}],"about":[{"href":"https:\/\/www.foodieandtraveler.com\/index.php\/wp-json\/wp\/v2\/types\/post"}],"author":[{"embeddable":true,"href":"https:\/\/www.foodieandtraveler.com\/index.php\/wp-json\/wp\/v2\/users\/9"}],"replies":[{"embeddable":true,"href":"https:\/\/www.foodieandtraveler.com\/index.php\/wp-json\/wp\/v2\/comments?post=11312"}],"version-history":[{"count":0,"href":"https:\/\/www.foodieandtraveler.com\/index.php\/wp-json\/wp\/v2\/posts\/11312\/revisions"}],"wp:featuredmedia":[{"embeddable":true,"href":"https:\/\/www.foodieandtraveler.com\/index.php\/wp-json\/wp\/v2\/media\/11313"}],"wp:attachment":[{"href":"https:\/\/www.foodieandtraveler.com\/index.php\/wp-json\/wp\/v2\/media?parent=11312"}],"wp:term":[{"taxonomy":"category","embeddable":true,"href":"https:\/\/www.foodieandtraveler.com\/index.php\/wp-json\/wp\/v2\/categories?post=11312"},{"taxonomy":"post_tag","embeddable":true,"href":"https:\/\/www.foodieandtraveler.com\/index.php\/wp-json\/wp\/v2\/tags?post=11312"}],"curies":[{"name":"wp","href":"https:\/\/api.w.org\/{rel}","templated":true}]}}