{"id":11232,"date":"2024-09-30T14:17:14","date_gmt":"2024-09-30T18:17:14","guid":{"rendered":"https:\/\/www.foodieandtraveler.com\/?p=11232"},"modified":"2024-09-30T15:01:02","modified_gmt":"2024-09-30T19:01:02","slug":"la-prestigiosa-marca-de-cafe-colombiana-juan-valdez-abre-su-primera-tienda-en-republica-dominicana","status":"publish","type":"post","link":"https:\/\/www.foodieandtraveler.com\/index.php\/la-prestigiosa-marca-de-cafe-colombiana-juan-valdez-abre-su-primera-tienda-en-republica-dominicana\/","title":{"rendered":"La prestigiosa marca de caf\u00e9 colombiana, Juan Valdez, abre su primera tienda en Rep\u00fablica Dominicana"},"content":{"rendered":"<p>Juan Valdez, Caf\u00e9 Premium 100% Colombiano, con m\u00e1s de 600 tiendas a nivel mundial, ofrece con esta apertura una muy variada selecci\u00f3n de caf\u00e9 de origen \u00a0\u00fanico, junto a un extenso men\u00fa de bebidas, comidas y postres, para el deleite de los dominicanos.<\/p>\n<p>La precisi\u00f3n, pasi\u00f3n y maestr\u00eda de Juan Valdez, llega al pa\u00eds de la mano de United Brands, una reconocida empresa de distribuci\u00f3n y representaci\u00f3n de marcas de renombre internacionales y locales quienes, adem\u00e1s de liderar la instalaci\u00f3n de cafeter\u00edas, estar\u00e1n distribuyendo sus productos en las diferentes cadenas de supermercados y centros de expendio de caf\u00e9.<\/p>\n<p>\u201cEl caf\u00e9 es parte de la cultura de nosotros los dominicanos, es algo esencial de nuestro d\u00eda a d\u00eda y por esto, estamos muy contentos de traer al pa\u00eds a JuanValdez, \u00a0una marca reconocida internacionalmente por su calidad, variedad de productos y pasi\u00f3n por servir un buen caf\u00e9\u2019\u2019, expres\u00f3 Alberto Jim\u00e9nez de la direcci\u00f3n de United Brands, en representaci\u00f3n del operador de la franquicia en el pa\u00eds.<\/p>\n<p>El dise\u00f1o de esta nueva tienda cuenta con elementos caracter\u00edsticos de las cafeter\u00edas alrededor del mundo, como las monta\u00f1as y texturas naturales, manteniendo as\u00ed un estilo moderno y \u00fanico para atraer a los amantes del caf\u00e9, creando un ambiente acogedor y sofisticado.<\/p>\n<p>Seg\u00fan expresaron los ejecutivos de United Brands, en los pr\u00f3ximos meses se estar\u00eda dando apertura a otras tiendas en diferentes puntos del territorio nacional.<\/p>\n<p><strong>Acerca de la marca Juan Valdez\u00ae<\/strong><\/p>\n<p>Juan Valdez\u00ae es la \u00fanica marca de caf\u00e9 de relevancia internacional que pertenece a productores de caf\u00e9. En 2002, la Federaci\u00f3n Nacional de Cafeteros de Colombia, organizaci\u00f3n sin \u00e1nimo de lucro que representa a m\u00e1s de 548.000 familias caficultoras, cre\u00f3 la marca Juan Valdez\u00ae para tiendas de caf\u00e9 y negocios de valor agregado, nombradas as\u00ed por el \u00edcono que por m\u00e1s de 50 a\u00f1os ha representado al caf\u00e9 colombiano en el mundo. En 2021, fue certificada como Empresa B y logr\u00f3 sumarse al selectogrupo de m\u00e1s de 5.000 compa\u00f1\u00edas que no solo aspiran a ser las mejores del mundo, sino las mejores para el mundo. Los caf\u00e9s de Juan Valdez\u00ae son sin\u00f3nimo de alta calidad, le entregan a los caficultores mayor valor por la calidad del caf\u00e9 e importantes recursos de regal\u00edas por la venta de cada taza o producto que lleve su firma en el mundo.<\/p>\n","protected":false},"excerpt":{"rendered":"<p>Juan Valdez, Caf\u00e9 Premium 100% Colombiano, con m\u00e1s de 600 tiendas a nivel mundial, ofrece con esta apertura una muy variada selecci\u00f3n de caf\u00e9 de origen \u00a0\u00fanico, junto a un extenso men\u00fa de bebidas, comidas y postres, para el deleite de los dominicanos. La precisi\u00f3n, pasi\u00f3n y maestr\u00eda de Juan Valdez, llega al pa\u00eds de [&hellip;]<\/p>\n","protected":false},"author":9,"featured_media":11233,"comment_status":"closed","ping_status":"closed","sticky":false,"template":"","format":"standard","meta":{"footnotes":""},"categories":[7],"tags":[251,4521,4522],"class_list":["post-11232","post","type-post","status-publish","format-standard","has-post-thumbnail","hentry","category-coffelovers","tag-agora-mall","tag-cafe-colombiano","tag-juan-valdez"],"_links":{"self":[{"href":"https:\/\/www.foodieandtraveler.com\/index.php\/wp-json\/wp\/v2\/posts\/11232","targetHints":{"allow":["GET"]}}],"collection":[{"href":"https:\/\/www.foodieandtraveler.com\/index.php\/wp-json\/wp\/v2\/posts"}],"about":[{"href":"https:\/\/www.foodieandtraveler.com\/index.php\/wp-json\/wp\/v2\/types\/post"}],"author":[{"embeddable":true,"href":"https:\/\/www.foodieandtraveler.com\/index.php\/wp-json\/wp\/v2\/users\/9"}],"replies":[{"embeddable":true,"href":"https:\/\/www.foodieandtraveler.com\/index.php\/wp-json\/wp\/v2\/comments?post=11232"}],"version-history":[{"count":0,"href":"https:\/\/www.foodieandtraveler.com\/index.php\/wp-json\/wp\/v2\/posts\/11232\/revisions"}],"wp:featuredmedia":[{"embeddable":true,"href":"https:\/\/www.foodieandtraveler.com\/index.php\/wp-json\/wp\/v2\/media\/11233"}],"wp:attachment":[{"href":"https:\/\/www.foodieandtraveler.com\/index.php\/wp-json\/wp\/v2\/media?parent=11232"}],"wp:term":[{"taxonomy":"category","embeddable":true,"href":"https:\/\/www.foodieandtraveler.com\/index.php\/wp-json\/wp\/v2\/categories?post=11232"},{"taxonomy":"post_tag","embeddable":true,"href":"https:\/\/www.foodieandtraveler.com\/index.php\/wp-json\/wp\/v2\/tags?post=11232"}],"curies":[{"name":"wp","href":"https:\/\/api.w.org\/{rel}","templated":true}]}}