{"id":11108,"date":"2024-08-06T18:18:48","date_gmt":"2024-08-06T22:18:48","guid":{"rendered":"https:\/\/www.foodieandtraveler.com\/?p=11108"},"modified":"2024-08-06T18:18:48","modified_gmt":"2024-08-06T22:18:48","slug":"indomita-rinde-tributo-al-maestro-ramon-oviedo-en-su-septima-temporada","status":"publish","type":"post","link":"https:\/\/www.foodieandtraveler.com\/index.php\/indomita-rinde-tributo-al-maestro-ramon-oviedo-en-su-septima-temporada\/","title":{"rendered":"IND\u00d3MITA rinde tributo al maestro Ram\u00f3n Oviedo en su s\u00e9ptima temporada"},"content":{"rendered":"<p style=\"font-weight: 400;\">IND\u00d3MITA celebr\u00f3 el lanzamiento oficial de su s\u00e9ptima temporada, una celebraci\u00f3n de arte y moda que rinde homenaje al legado del insigne maestro dominicano, Ram\u00f3n Oviedo.<\/p>\n<p style=\"font-weight: 400;\">En esta nueva temporada podremos sumergirnos en el universo creativo de Ram\u00f3n Oviedo, cuyas obras, con trazos fuertes y colores intensos, han trascendido fronteras y dejado una huella imborrable en el arte dominicano e internacional. Nacido en Barahona en 1924 y fallecido en 2015, Oviedo es reconocido por su expresionismo abstracto, que refleja la complejidad del ser humano y sus abismos emocionales.<\/p>\n<p style=\"font-weight: 400;\">Para esta ocasi\u00f3n, el p\u00fablico podr\u00e1 explorar siete colecciones exclusivas de siete marcas diferentes, abarcando cinco categor\u00edas de productos: ropa para mujeres y hombres, calzado, accesorios y cer\u00e1mica, y por primera vez, una l\u00ednea de cosm\u00e9tico con productos para el cuerpo y maquillaje para los labios. Representaciones de la mano de Eva\u2019s Garden, Felix Matos, Ila by Bea, La Alpargater\u00eda, Nineteen Seventy, Paralelo, y Versa by Mariu Jones. Adem\u00e1s, la ic\u00f3nica terraza de IND\u00d3MITA se ha transformado en el \u201cCaf\u00e9 1844\u201d.<\/p>\n<p style=\"font-weight: 400;\">&#8220;En esta temporada rendimos tributo al maestro Ram\u00f3n Oviedo, quien, con su estilo de colores atrevidos, permite a los dise\u00f1adores sumergirse en un mundo de figuras humanas distorsionadas y ricas texturas, transport\u00e1ndolos a un viaje creativo explorando temas sociales, pol\u00edticos y culturales, que dan como resultado una pasarela de emociones y colores. Cada una de las temporadas de IND\u00d3MITA es el resultado m\u00e1gico de unir el arte y la moda, creando piezas incre\u00edbles, \u00fanicas y exclusivas\u201d, manifest\u00f3 Karina Cortorreal, fundadora de IND\u00d3MITA en sus palabras de bienvenida.<\/p>\n<p style=\"font-weight: 400;\">Durante el evento se present\u00f3 una emotiva introducci\u00f3n a la obra de Ram\u00f3n Oviedo por Omar Molina, nieto y representante del maestro, adem\u00e1s de una proyecci\u00f3n de videos reveladores de las marcas invitadas, cuyas colecciones fueron inspiradas en las magn\u00edficas obras de Oviedo y que enaltecieron la innovaci\u00f3n y creatividad de los dise\u00f1adores de la temporada.<\/p>\n","protected":false},"excerpt":{"rendered":"<p>IND\u00d3MITA celebr\u00f3 el lanzamiento oficial de su s\u00e9ptima temporada, una celebraci\u00f3n de arte y moda que rinde homenaje al legado del insigne maestro dominicano, Ram\u00f3n Oviedo. En esta nueva temporada podremos sumergirnos en el universo creativo de Ram\u00f3n Oviedo, cuyas obras, con trazos fuertes y colores intensos, han trascendido fronteras y dejado una huella imborrable [&hellip;]<\/p>\n","protected":false},"author":9,"featured_media":11109,"comment_status":"closed","ping_status":"closed","sticky":false,"template":"","format":"standard","meta":{"footnotes":""},"categories":[3241],"tags":[3559,4479,4477,4478],"class_list":["post-11108","post","type-post","status-publish","format-standard","has-post-thumbnail","hentry","category-arte-cultura","tag-arte-y-cultura","tag-cafe-1844","tag-indomita","tag-ramon-oviedo"],"_links":{"self":[{"href":"https:\/\/www.foodieandtraveler.com\/index.php\/wp-json\/wp\/v2\/posts\/11108","targetHints":{"allow":["GET"]}}],"collection":[{"href":"https:\/\/www.foodieandtraveler.com\/index.php\/wp-json\/wp\/v2\/posts"}],"about":[{"href":"https:\/\/www.foodieandtraveler.com\/index.php\/wp-json\/wp\/v2\/types\/post"}],"author":[{"embeddable":true,"href":"https:\/\/www.foodieandtraveler.com\/index.php\/wp-json\/wp\/v2\/users\/9"}],"replies":[{"embeddable":true,"href":"https:\/\/www.foodieandtraveler.com\/index.php\/wp-json\/wp\/v2\/comments?post=11108"}],"version-history":[{"count":0,"href":"https:\/\/www.foodieandtraveler.com\/index.php\/wp-json\/wp\/v2\/posts\/11108\/revisions"}],"wp:featuredmedia":[{"embeddable":true,"href":"https:\/\/www.foodieandtraveler.com\/index.php\/wp-json\/wp\/v2\/media\/11109"}],"wp:attachment":[{"href":"https:\/\/www.foodieandtraveler.com\/index.php\/wp-json\/wp\/v2\/media?parent=11108"}],"wp:term":[{"taxonomy":"category","embeddable":true,"href":"https:\/\/www.foodieandtraveler.com\/index.php\/wp-json\/wp\/v2\/categories?post=11108"},{"taxonomy":"post_tag","embeddable":true,"href":"https:\/\/www.foodieandtraveler.com\/index.php\/wp-json\/wp\/v2\/tags?post=11108"}],"curies":[{"name":"wp","href":"https:\/\/api.w.org\/{rel}","templated":true}]}}