{"id":11021,"date":"2024-07-10T13:42:04","date_gmt":"2024-07-10T17:42:04","guid":{"rendered":"https:\/\/www.foodieandtraveler.com\/?p=11021"},"modified":"2024-07-10T16:11:40","modified_gmt":"2024-07-10T20:11:40","slug":"la-escritora-milena-delgado-duran-presenta-su-mas-reciente-libro-a-los-pies-de-la-cuna-vacia","status":"publish","type":"post","link":"https:\/\/www.foodieandtraveler.com\/index.php\/la-escritora-milena-delgado-duran-presenta-su-mas-reciente-libro-a-los-pies-de-la-cuna-vacia\/","title":{"rendered":"La escritora Milena Delgado Dur\u00e1n presenta su m\u00e1s reciente libro &#8220;A los pies de la cuna vac\u00eda&#8221;"},"content":{"rendered":"<h3 style=\"font-weight: 400; text-align: center;\"><span style=\"color: #0000ff;\"><strong>La escritora dominicana residente en Estados Unidos fue declarada Hija Meritoria del municipio de Constanza<\/strong><\/span><\/h3>\n<p>&nbsp;<\/p>\n<p style=\"font-weight: 400;\">Entre mantas de diversos colores, canastas y flores, la escritora Milena Delgado Dur\u00e1n present\u00f3 su m\u00e1s reciente libro en un picnic literario, realizado en las instalaciones del Hotel Constanza Villas &amp; Club.<\/p>\n<p style=\"font-weight: 400;\">Tener la valent\u00eda para contar episodios de tristeza, expuestos en una enorme pizarra, hace grande a quien los cuenta. Y Milena Delgado Dur\u00e1n, nuevamente nos sorprende con un b\u00e1lsamo para el alma, refiri\u00f3 sobre el libro la periodista dominicana Grisbel Medina.<\/p>\n<p style=\"font-weight: 400;\">\u00a8Con la pluma delicada que la caracteriza, Milena reaparece con la otra parte de la historia, dejando nuevamente su alma expuesta, al compartir detalles de sus batallas y sus miedos; mostrando el camino de la esperanza y la gratitud, despu\u00e9s de padecer la muerte de su hijo\u00a8, expres\u00f3 Medina durante el Picnic Literario realizado en Constanza.<\/p>\n<p style=\"font-weight: 400;\">Luego, la autora asegur\u00f3 que con su nueva obra salda la deuda que ten\u00eda con sus lectores al compartir la otra parte de la historia. \u00a8El libro Belleza oculta fue el lienzo donde plasm\u00e9 mi dolor y con el que aprend\u00ed a usar la escritura como terapia. A los pies de la cuna vac\u00eda, es mi graduaci\u00f3n, porque est\u00e1 escrita desde la esperanza, el agradecimiento y la fe, expres\u00f3 la escritora constancera Milena Delgado.<\/p>\n<p style=\"font-weight: 400;\">Milena hizo una revelaci\u00f3n de portada en enero del presente a\u00f1o y seis meses despu\u00e9s present\u00f3 su libro en un picnic literario, lo que evidencia su esp\u00edritu de\u00a0 innovaci\u00f3n y creatividad. La portada fue dise\u00f1ada por Liliana Peralta.<\/p>\n<p style=\"font-weight: 400;\">En el acto de presentaci\u00f3n, el alcalde de Constanza, Francisco Marte Hern\u00e1ndez, declar\u00f3 a Milena Delgado como \u00a8Hija Meritoria\u00a8 del municipio, resoluci\u00f3n avalada por el Concejo de Regidores.<\/p>\n<p style=\"font-weight: 400;\"><strong>Valoraci\u00f3n<\/strong><\/p>\n<p style=\"font-weight: 400;\">Sobre &#8220;A los pies de la cuna vac\u00eda&#8221;, la comunicadora social, Lily Monta\u00f1o Grull\u00f3n declar\u00f3 que en el libro se aborda la p\u00e9rdida de un hijo, pero adem\u00e1s se conocen los amores que vinieron despu\u00e9s, los beb\u00e9s arco\u00edris, los reci\u00e9n nacidos literarios, nuevos aromas, amigos y una nueva vocaci\u00f3n despertada en la escritura&#8221;.<\/p>\n","protected":false},"excerpt":{"rendered":"<p>La escritora dominicana residente en Estados Unidos fue declarada Hija Meritoria del municipio de Constanza &nbsp; Entre mantas de diversos colores, canastas y flores, la escritora Milena Delgado Dur\u00e1n present\u00f3 su m\u00e1s reciente libro en un picnic literario, realizado en las instalaciones del Hotel Constanza Villas &amp; Club. Tener la valent\u00eda para contar episodios de [&hellip;]<\/p>\n","protected":false},"author":9,"featured_media":11022,"comment_status":"closed","ping_status":"closed","sticky":false,"template":"","format":"standard","meta":{"footnotes":""},"categories":[3241],"tags":[4430,1664,2294,1663],"class_list":["post-11021","post","type-post","status-publish","format-standard","has-post-thumbnail","hentry","category-arte-cultura","tag-a-los-pies-de-la-cuna-vacia","tag-escritora","tag-libro","tag-milena-delgado-duran"],"_links":{"self":[{"href":"https:\/\/www.foodieandtraveler.com\/index.php\/wp-json\/wp\/v2\/posts\/11021","targetHints":{"allow":["GET"]}}],"collection":[{"href":"https:\/\/www.foodieandtraveler.com\/index.php\/wp-json\/wp\/v2\/posts"}],"about":[{"href":"https:\/\/www.foodieandtraveler.com\/index.php\/wp-json\/wp\/v2\/types\/post"}],"author":[{"embeddable":true,"href":"https:\/\/www.foodieandtraveler.com\/index.php\/wp-json\/wp\/v2\/users\/9"}],"replies":[{"embeddable":true,"href":"https:\/\/www.foodieandtraveler.com\/index.php\/wp-json\/wp\/v2\/comments?post=11021"}],"version-history":[{"count":0,"href":"https:\/\/www.foodieandtraveler.com\/index.php\/wp-json\/wp\/v2\/posts\/11021\/revisions"}],"wp:featuredmedia":[{"embeddable":true,"href":"https:\/\/www.foodieandtraveler.com\/index.php\/wp-json\/wp\/v2\/media\/11022"}],"wp:attachment":[{"href":"https:\/\/www.foodieandtraveler.com\/index.php\/wp-json\/wp\/v2\/media?parent=11021"}],"wp:term":[{"taxonomy":"category","embeddable":true,"href":"https:\/\/www.foodieandtraveler.com\/index.php\/wp-json\/wp\/v2\/categories?post=11021"},{"taxonomy":"post_tag","embeddable":true,"href":"https:\/\/www.foodieandtraveler.com\/index.php\/wp-json\/wp\/v2\/tags?post=11021"}],"curies":[{"name":"wp","href":"https:\/\/api.w.org\/{rel}","templated":true}]}}