{"id":11000,"date":"2024-07-01T14:35:00","date_gmt":"2024-07-01T18:35:00","guid":{"rendered":"https:\/\/www.foodieandtraveler.com\/?p=11000"},"modified":"2024-07-01T14:53:32","modified_gmt":"2024-07-01T18:53:32","slug":"jovenes-con-discapacidad-visual-volaran-por-primera-vez-con-la-aerolinea-arajet","status":"publish","type":"post","link":"https:\/\/www.foodieandtraveler.com\/index.php\/jovenes-con-discapacidad-visual-volaran-por-primera-vez-con-la-aerolinea-arajet\/","title":{"rendered":"J\u00f3venes con discapacidad visual volar\u00e1n por primera vez con la aerol\u00ednea Arajet"},"content":{"rendered":"<p class=\"x_MsoNormal\">Arajet, la aerol\u00ednea de precios bajos del caribe, a trav\u00e9s de su programa de responsabilidad social \u201cMi primer vuelo\u201d se uni\u00f3 a la Fundaci\u00f3n Francina Hungr\u00eda para que seis de sus estudiantes vuelen por primera vez, de manera gratuita y puedan vivir la experiencia de volar y visitar otro pa\u00eds.<\/p>\n<p class=\"x_MsoNormal\">El acto estuvo encabezado por Victor Pacheco, CEO y Fundador de Arajet, y Francina Hungr\u00eda, representante de la fundaci\u00f3n que lleva su nombre, quienes tambi\u00e9n acordaron promover pr\u00e1cticas que puedan fortalecer la accesibilidad y la participaci\u00f3n en los sectores productivos de las personas con discapacidad visual.<\/p>\n<p class=\"x_MsoNormal\">Victor Pacheco expres\u00f3 que a trav\u00e9s de esta iniciativa Arajet, la aerol\u00ednea bandera, busca impactar a los dominicanos para que puedan montarse en un avi\u00f3n por primera vez y cumplir sus sue\u00f1os de viajar a conocer otros pa\u00edses a bordo de sus nuevos y modernos aviones Boeing 737 Max 8 y con el c\u00e1lido servicio al cliente que los caracteriza.<\/p>\n<p class=\"x_MsoNormal\">\u201cEn Arajet nos sentimos felices de a trav\u00e9s de nuestro programa \u201cMi primer vuelo\u201d poder brindarles la oportunidad a estos j\u00f3venes de ampliar sus horizontes para aumentar los niveles de inclusi\u00f3n social y promover sus capacidades\u201d, indic\u00f3 Pacheco.<\/p>\n<p class=\"x_MsoNormal\">Francina Hungr\u00eda,\u00a0 dijo: \u201cCreemos que las oportunidades facilitan la expansi\u00f3n del impacto de nuestras acciones. Este apoyo de Arajet abre las puertas a nuevas posibilidades de crecimiento para nuestros j\u00f3venes y posiciona la empresa como una organizaci\u00f3n socialmente responsable\u201d.<\/p>\n<p class=\"x_MsoNormal\">Los j\u00f3venes elegidos son integrantes de la Escuela de Liderazgo y Autonom\u00eda (ELA) quienes viajar\u00e1n a Lima, Per\u00fa al congreso &#8220;Construcci\u00f3n diversa hacia una ULAC con fuerza: Reconociendo lo que nos separa para potenciar lo que nos une&#8221;, fueron beneficiados Cristal Collado, Nerisleidy Ortiz, Miguel Jos\u00e9 Taveras, Eliezer Cueva y Frederick Alm\u00e1nzar y en representaci\u00f3n del grupo de padres, la se\u00f1ora \u00c1lfida Fr\u00edas.<\/p>\n<p class=\"x_MsoNormal\">Nerisleidy Ort\u00edz, en representaci\u00f3n de los estudiantes de ELA, expres\u00f3 su agradecimiento a la aerol\u00ednea por la oportunidad de su primer vuelo. Y expres\u00f3 \u201cEstamos muy felices de que una aerol\u00ednea tan accesible para los dominicanos como es Arajet sea coherente con su promesa de Marca y reafirme su compromiso con la inclusi\u00f3n a trav\u00e9s de esta iniciativa. Teniendo en cuenta que las personas con discapacidad somos aproximadamente el 12% de la poblaci\u00f3n dominicana, reconocemos la importancia del impacto a futuro de proyectos como este\u201d.<\/p>\n<p class=\"x_MsoNormal\">Estos j\u00f3venes viajar\u00e1n para fijar posici\u00f3n sobre las brechas de derechos de las personas con discapacidad en la Rep\u00fablica Dominicana, formas de aportar a reducir la desigualdad y c\u00f3mo la integraci\u00f3n entre los pa\u00edses latinoamericanos puede abrir nuevas soluciones a la juventud con ceguera y baja visi\u00f3n.<\/p>\n","protected":false},"excerpt":{"rendered":"<p>Arajet, la aerol\u00ednea de precios bajos del caribe, a trav\u00e9s de su programa de responsabilidad social \u201cMi primer vuelo\u201d se uni\u00f3 a la Fundaci\u00f3n Francina Hungr\u00eda para que seis de sus estudiantes vuelen por primera vez, de manera gratuita y puedan vivir la experiencia de volar y visitar otro pa\u00eds. El acto estuvo encabezado por [&hellip;]<\/p>\n","protected":false},"author":9,"featured_media":11001,"comment_status":"closed","ping_status":"closed","sticky":false,"template":"","format":"standard","meta":{"footnotes":""},"categories":[2843],"tags":[3722,4419,4418,4420,3889],"class_list":["post-11000","post","type-post","status-publish","format-standard","has-post-thumbnail","hentry","category-aerolineas","tag-arajet","tag-discapacidad-visual","tag-francina-hungria","tag-fundacion-francina-hungria","tag-victor-pacheco-mendez"],"_links":{"self":[{"href":"https:\/\/www.foodieandtraveler.com\/index.php\/wp-json\/wp\/v2\/posts\/11000","targetHints":{"allow":["GET"]}}],"collection":[{"href":"https:\/\/www.foodieandtraveler.com\/index.php\/wp-json\/wp\/v2\/posts"}],"about":[{"href":"https:\/\/www.foodieandtraveler.com\/index.php\/wp-json\/wp\/v2\/types\/post"}],"author":[{"embeddable":true,"href":"https:\/\/www.foodieandtraveler.com\/index.php\/wp-json\/wp\/v2\/users\/9"}],"replies":[{"embeddable":true,"href":"https:\/\/www.foodieandtraveler.com\/index.php\/wp-json\/wp\/v2\/comments?post=11000"}],"version-history":[{"count":0,"href":"https:\/\/www.foodieandtraveler.com\/index.php\/wp-json\/wp\/v2\/posts\/11000\/revisions"}],"wp:featuredmedia":[{"embeddable":true,"href":"https:\/\/www.foodieandtraveler.com\/index.php\/wp-json\/wp\/v2\/media\/11001"}],"wp:attachment":[{"href":"https:\/\/www.foodieandtraveler.com\/index.php\/wp-json\/wp\/v2\/media?parent=11000"}],"wp:term":[{"taxonomy":"category","embeddable":true,"href":"https:\/\/www.foodieandtraveler.com\/index.php\/wp-json\/wp\/v2\/categories?post=11000"},{"taxonomy":"post_tag","embeddable":true,"href":"https:\/\/www.foodieandtraveler.com\/index.php\/wp-json\/wp\/v2\/tags?post=11000"}],"curies":[{"name":"wp","href":"https:\/\/api.w.org\/{rel}","templated":true}]}}