{"id":10782,"date":"2024-04-30T20:53:53","date_gmt":"2024-05-01T00:53:53","guid":{"rendered":"https:\/\/www.foodieandtraveler.com\/?p=10782"},"modified":"2024-05-01T11:03:34","modified_gmt":"2024-05-01T15:03:34","slug":"justo-en-un-mes-finaliza-la-convocatoria-para-participar-en-pasaporte-abierto-2024","status":"publish","type":"post","link":"https:\/\/www.foodieandtraveler.com\/index.php\/justo-en-un-mes-finaliza-la-convocatoria-para-participar-en-pasaporte-abierto-2024\/","title":{"rendered":"Justo en un mes finaliza la convocatoria para participar en Pasaporte Abierto 2024"},"content":{"rendered":"<h3 style=\"font-weight: 400;\"><span style=\"color: #0000ff;\"><strong><em>Buga, municipio colombiano ser\u00e1 la sede del galard\u00f3n de este a\u00f1o, a efectuarse del 4 al 14 de septiembre<\/em><\/strong><\/span><\/h3>\n<p style=\"font-weight: 400;\">La Organizaci\u00f3n Mundial de Periodismo Tur\u00edstico (OMPT) dio a conocer desde el pasado a\u00f1o, la convocatoria para Pasaporte abierto de este a\u00f1o, una premiaci\u00f3n enfocada en resaltar y premiar los mejores trabajos enfocados a nivel period\u00edstico.<\/p>\n<p style=\"font-weight: 400;\">Los participantes, tienen hasta el 30 de mayo para entregar enviar sus trabajos a participar en las diferentes categor\u00edas<\/p>\n<p style=\"font-weight: 400;\"><strong>Categor\u00edas<\/strong><\/p>\n<p style=\"font-weight: 400;\"><strong>Publicaciones:<\/strong><\/p>\n<ol>\n<li style=\"font-weight: 400;\">Relevancia social.<\/li>\n<li style=\"font-weight: 400;\">Reconocimiento de los otros.<\/li>\n<li style=\"font-weight: 400;\">Originalidad.<\/li>\n<li style=\"font-weight: 400;\">Investigaci\u00f3n period\u00edstica.<\/li>\n<\/ol>\n<p style=\"font-weight: 400;\"><strong>Experiencias:<\/strong><\/p>\n<ol start=\"5\">\n<li style=\"font-weight: 400;\">Medio especializado en turismo destacado.<\/li>\n<li style=\"font-weight: 400;\">Evento del a\u00f1o.<\/li>\n<li style=\"font-weight: 400;\">Mejor propuesta tur\u00edstica.<\/li>\n<li style=\"font-weight: 400;\">Destino tur\u00edstico responsable.<\/li>\n<\/ol>\n<p style=\"font-weight: 400;\"><strong>Personas:<\/strong><\/p>\n<ol start=\"9\">\n<li style=\"font-weight: 400;\">Emprendedores tur\u00edsticos comprometidos.<\/li>\n<li style=\"font-weight: 400;\">Trabajo en equipo.<\/li>\n<li style=\"font-weight: 400;\">Organismo colaborador.<\/li>\n<li style=\"font-weight: 400;\">A la trayectoria.<\/li>\n<\/ol>\n<p style=\"font-weight: 400;\">Las postulaciones son totalmente gratuitas. Los interesados en participar, deben enviar sus trabajos al correo: <a href=\"mailto:premiopasaporteabierto@gmail.com\">premiopasaporteabierto@gmail.com<\/a><\/p>\n<p style=\"font-weight: 400;\">Conoce las bases y condiciones haciendo clic <strong><em><a href=\"https:\/\/sites.google.com\/view\/ompt\/p\u00e1gina-principal\/premios-pasaporte-abierto\/bases-y-condiciones\">aqu\u00ed<\/a><\/em><\/strong><\/p>\n<p>Foto: Portal OMPT<\/p>\n","protected":false},"excerpt":{"rendered":"<p>Buga, municipio colombiano ser\u00e1 la sede del galard\u00f3n de este a\u00f1o, a efectuarse del 4 al 14 de septiembre La Organizaci\u00f3n Mundial de Periodismo Tur\u00edstico (OMPT) dio a conocer desde el pasado a\u00f1o, la convocatoria para Pasaporte abierto de este a\u00f1o, una premiaci\u00f3n enfocada en resaltar y premiar los mejores trabajos enfocados a nivel period\u00edstico. [&hellip;]<\/p>\n","protected":false},"author":9,"featured_media":10783,"comment_status":"closed","ping_status":"closed","sticky":false,"template":"","format":"standard","meta":{"footnotes":""},"categories":[48],"tags":[4328,3768,141,3659,3392,1958,4327,4329,116],"class_list":["post-10782","post","type-post","status-publish","format-standard","has-post-thumbnail","hentry","category-turismo","tag-buga","tag-cali","tag-colombia","tag-miguel-ledhesma","tag-ompt","tag-pasaporte-abierto","tag-pasaporte-abierto-2024","tag-popayan","tag-turismo"],"_links":{"self":[{"href":"https:\/\/www.foodieandtraveler.com\/index.php\/wp-json\/wp\/v2\/posts\/10782","targetHints":{"allow":["GET"]}}],"collection":[{"href":"https:\/\/www.foodieandtraveler.com\/index.php\/wp-json\/wp\/v2\/posts"}],"about":[{"href":"https:\/\/www.foodieandtraveler.com\/index.php\/wp-json\/wp\/v2\/types\/post"}],"author":[{"embeddable":true,"href":"https:\/\/www.foodieandtraveler.com\/index.php\/wp-json\/wp\/v2\/users\/9"}],"replies":[{"embeddable":true,"href":"https:\/\/www.foodieandtraveler.com\/index.php\/wp-json\/wp\/v2\/comments?post=10782"}],"version-history":[{"count":0,"href":"https:\/\/www.foodieandtraveler.com\/index.php\/wp-json\/wp\/v2\/posts\/10782\/revisions"}],"wp:featuredmedia":[{"embeddable":true,"href":"https:\/\/www.foodieandtraveler.com\/index.php\/wp-json\/wp\/v2\/media\/10783"}],"wp:attachment":[{"href":"https:\/\/www.foodieandtraveler.com\/index.php\/wp-json\/wp\/v2\/media?parent=10782"}],"wp:term":[{"taxonomy":"category","embeddable":true,"href":"https:\/\/www.foodieandtraveler.com\/index.php\/wp-json\/wp\/v2\/categories?post=10782"},{"taxonomy":"post_tag","embeddable":true,"href":"https:\/\/www.foodieandtraveler.com\/index.php\/wp-json\/wp\/v2\/tags?post=10782"}],"curies":[{"name":"wp","href":"https:\/\/api.w.org\/{rel}","templated":true}]}}