{"id":10779,"date":"2024-04-30T20:15:18","date_gmt":"2024-05-01T00:15:18","guid":{"rendered":"https:\/\/www.foodieandtraveler.com\/?p=10779"},"modified":"2024-04-30T20:15:18","modified_gmt":"2024-05-01T00:15:18","slug":"adompretur-y-cluster-turistico-de-puerto-plata-reafirman-compromiso-de-cooperacion-interinstitucional","status":"publish","type":"post","link":"https:\/\/www.foodieandtraveler.com\/index.php\/adompretur-y-cluster-turistico-de-puerto-plata-reafirman-compromiso-de-cooperacion-interinstitucional\/","title":{"rendered":"Adompretur y Cl\u00faster Tur\u00edstico de Puerto Plata reafirman compromiso de cooperaci\u00f3n interinstitucional"},"content":{"rendered":"<p class=\"x_MsoNormal\"><span lang=\"ES-MX\">Durante la celebraci\u00f3n de la vig\u00e9simo cuarta versi\u00f3n de la Dominican Annual Tourism Exchange (DATE) 2004, se produjo una reafirmaci\u00f3n de colaboraci\u00f3n interinstitucional entre el Cl\u00faster Tur\u00edstico de Puerto Plata (CTDPP) y la Asociaci\u00f3n Dominicana de Prensa Tur\u00edstica (Adompretur), ambas instituciones representadas por sus presidentas, Birgitt Heinsen, y Yenny Polanco Lovera, respectivamente.\u00a0<\/span><\/p>\n<p class=\"x_MsoNormal\"><span lang=\"ES-MX\">Las presidentas de estas instituciones sostuvieron el acercamiento en el stand del destino Puerto Plata, \u00a1Siempre Real!, desde donde se acordaron varias acciones para reforzar los lazos con los profesionales del gremio, y al mismo tiempo, desarrollar una din\u00e1mica de colaboraci\u00f3n en la que los periodistas y la instituci\u00f3n puedan apoyarse en el cumplimiento de sus objetivos comunes.\u00a0<\/span><\/p>\n<p class=\"x_MsoNormal\"><span lang=\"ES-MX\">Entre los aspectos abordados se aprob\u00f3 vincular a los periodistas de las filiales de Adompretur, a trav\u00e9s de una alianza con el CTDPP. Al mismo tiempo, se establecer\u00e1 un plan de mutua\u00a0<\/span>cooperaci\u00f3n\u00a0que incluir\u00e1 talleres, conferencias y encuentros de familiarizaci\u00f3n; as\u00ed como la divulgaci\u00f3n comprometida y acertada del destino Puerto Plata.<\/p>\n<p class=\"x_MsoNormal\"><span lang=\"ES-MX\">Acordaron adem\u00e1s, que el Cl\u00faster ser\u00e1 un ente intermediario para solicitar informaciones a fuentes o voces avaladas, as\u00ed como de peticiones especiales para la cobertura y viajes de prensa que aporten a la promoci\u00f3n del destino Puerto Plata y a sus eventos, con miras a aumentar la conciencia ciudadana en materia de turismo, mediante la divulgaci\u00f3n de informaci\u00f3n objetiva y con un tratamiento especializado.<\/span><\/p>\n<p class=\"x_MsoNormal\"><span lang=\"ES-MX\">\u201cAdompretur es uno de los aliados m\u00e1s importantes para la promoci\u00f3n de Puerto Plata, y su apoyo e integraci\u00f3n es de vital importancia para la difusi\u00f3n efectiva de los valores de nuestra renovada marca destino\u201d, afirm\u00f3 Heinsen. <\/span><\/p>\n<p class=\"x_MsoNormal\"><span lang=\"ES-MX\">Asimismo, Yenny Polanco Lovera expres\u00f3 su inter\u00e9s de organizar varias actividades, a corto plazo, que contribuyan a edificar los intereses expuestos, en las que se integrar\u00e1n para coordinaci\u00f3n, los periodistas Juan de Dios Valent\u00edn y Jos\u00e9 Alberto Selmo, directores de Asuntos Regionales e Interinstitucionales de Adompretur.<\/span><\/p>\n","protected":false},"excerpt":{"rendered":"<p>Durante la celebraci\u00f3n de la vig\u00e9simo cuarta versi\u00f3n de la Dominican Annual Tourism Exchange (DATE) 2004, se produjo una reafirmaci\u00f3n de colaboraci\u00f3n interinstitucional entre el Cl\u00faster Tur\u00edstico de Puerto Plata (CTDPP) y la Asociaci\u00f3n Dominicana de Prensa Tur\u00edstica (Adompretur), ambas instituciones representadas por sus presidentas, Birgitt Heinsen, y Yenny Polanco Lovera, respectivamente.\u00a0 Las presidentas de [&hellip;]<\/p>\n","protected":false},"author":9,"featured_media":10780,"comment_status":"closed","ping_status":"closed","sticky":false,"template":"","format":"standard","meta":{"footnotes":""},"categories":[48],"tags":[623,4201,254,116],"class_list":["post-10779","post","type-post","status-publish","format-standard","has-post-thumbnail","hentry","category-turismo","tag-adompretur","tag-date-2024","tag-puerto-plata","tag-turismo"],"_links":{"self":[{"href":"https:\/\/www.foodieandtraveler.com\/index.php\/wp-json\/wp\/v2\/posts\/10779","targetHints":{"allow":["GET"]}}],"collection":[{"href":"https:\/\/www.foodieandtraveler.com\/index.php\/wp-json\/wp\/v2\/posts"}],"about":[{"href":"https:\/\/www.foodieandtraveler.com\/index.php\/wp-json\/wp\/v2\/types\/post"}],"author":[{"embeddable":true,"href":"https:\/\/www.foodieandtraveler.com\/index.php\/wp-json\/wp\/v2\/users\/9"}],"replies":[{"embeddable":true,"href":"https:\/\/www.foodieandtraveler.com\/index.php\/wp-json\/wp\/v2\/comments?post=10779"}],"version-history":[{"count":0,"href":"https:\/\/www.foodieandtraveler.com\/index.php\/wp-json\/wp\/v2\/posts\/10779\/revisions"}],"wp:featuredmedia":[{"embeddable":true,"href":"https:\/\/www.foodieandtraveler.com\/index.php\/wp-json\/wp\/v2\/media\/10780"}],"wp:attachment":[{"href":"https:\/\/www.foodieandtraveler.com\/index.php\/wp-json\/wp\/v2\/media?parent=10779"}],"wp:term":[{"taxonomy":"category","embeddable":true,"href":"https:\/\/www.foodieandtraveler.com\/index.php\/wp-json\/wp\/v2\/categories?post=10779"},{"taxonomy":"post_tag","embeddable":true,"href":"https:\/\/www.foodieandtraveler.com\/index.php\/wp-json\/wp\/v2\/tags?post=10779"}],"curies":[{"name":"wp","href":"https:\/\/api.w.org\/{rel}","templated":true}]}}