{"id":10480,"date":"2024-02-28T18:20:21","date_gmt":"2024-02-28T22:20:21","guid":{"rendered":"https:\/\/www.foodieandtraveler.com\/?p=10480"},"modified":"2024-02-28T18:25:04","modified_gmt":"2024-02-28T22:25:04","slug":"arajet-realiza-vuelo-historico-entre-puerto-plata-y-bogota","status":"publish","type":"post","link":"https:\/\/www.foodieandtraveler.com\/index.php\/arajet-realiza-vuelo-historico-entre-puerto-plata-y-bogota\/","title":{"rendered":"Arajet realiza vuelo hist\u00f3rico entre Puerto Plata y Bogot\u00e1"},"content":{"rendered":"<p class=\"x_MsoNormal\">Arajet, la l\u00ednea a\u00e9rea de precios bajos, realiz\u00f3 un vuelo hist\u00f3rico por primera vez desde Puerto Plata hasta Bogot\u00e1 en Colombia como parte de las acciones de promover la conectividad en el marco de la feria tur\u00edstica Anato 2024.<\/p>\n<p class=\"x_MsoNormal\">Victor Pacheco M\u00e9ndez, CEO &amp; Fundador de Arajet, explic\u00f3 que este vuelo estuvo integrado con una delegaci\u00f3n de m\u00e1s de 150 personas encabezadas por representantes del Ministerio de Turismo, la Asociaci\u00f3n de Hoteles y Turismo (Asonahores), empresariado de la ciudad de la Puerto Plata y fueron invitados especialmente m\u00e1s de 20 medios de Comunicaci\u00f3n.<\/p>\n<p class=\"x_MsoNormal\">\u201cPara Arajet es de gran satisfacci\u00f3n apoyar este tipo de acciones para impulsar las iniciativas que mejoren la conectividad a\u00e9rea del pa\u00eds aportando as\u00ed al desarrollo y crecimiento del turismo en la zona norte de la Rep\u00fablica Dominicana\u201d, explic\u00f3 Pacheco M\u00e9ndez.<\/p>\n<p class=\"x_MsoNormal\">ANATO es la principal feria tur\u00edstica de Colombia y una de las m\u00e1s importantes de Am\u00e9rica Latina, y gracias a la participaci\u00f3n exitosa del pa\u00eds en dicho evento en 2023 nacieron las rutas de Arajet que conectan hoy en d\u00eda a Santiago de los Caballeros con Medell\u00edn y Bogot\u00e1.<\/p>\n<p class=\"x_MsoNormal\"><span style=\"color: #0000ff;\"><b><i><span lang=\"ES\">Sobre Arajet<\/span><\/i><\/b><\/span><\/p>\n<p class=\"x_MsoNormal\"><span lang=\"ES-TRAD\">Arajet es la primera aerol\u00ednea de bajos precios en la regi\u00f3n del Caribe, reconocida en la cumbre mundial de aviaci\u00f3n como la mejor nueva aerol\u00ednea del mundo; inici\u00f3 operaciones en septiembre de 2022 desde su base en el Aeropuerto de Las Am\u00e9ricas en Santo Domingo, bajo su certificado de operador a\u00e9reo (AOC) de Rep\u00fablica Dominicana. Arajet opera una nueva flota de aviones Boeing 737MAX-8 que brindan viajes seguros y asequibles desde y hacia la Rep\u00fablica Dominicana a varios destinos en Am\u00e9rica del Norte, Central y del Sur y la regi\u00f3n del Caribe. Para obtener m\u00e1s informaci\u00f3n, visite <\/span><a title=\"Protegido por Outlook: http:\/\/www.arajet.com\/. Haz clic o pulsa para seguir el v\u00ednculo.\" href=\"https:\/\/na01.safelinks.protection.outlook.com\/?url=http%3A%2F%2Fwww.arajet.com%2F&amp;data=05%7C02%7C%7C5404c008f7984350a90908dc37bde30f%7C84df9e7fe9f640afb435aaaaaaaaaaaa%7C1%7C0%7C638446537916836463%7CUnknown%7CTWFpbGZsb3d8eyJWIjoiMC4wLjAwMDAiLCJQIjoiV2luMzIiLCJBTiI6Ik1haWwiLCJXVCI6Mn0%3D%7C0%7C%7C%7C&amp;sdata=ODYSPeTGGli3ey1U2EXiprb0Kl6jnkt4%2BpVisQqbJto%3D&amp;reserved=0\" target=\"_blank\" rel=\"noopener noreferrer\" data-auth=\"Verified\" data-linkindex=\"0\"><span lang=\"ES-TRAD\">www.Arajet.com<\/span><\/a><\/p>\n<p class=\"x_MsoNormal\">\n","protected":false},"excerpt":{"rendered":"<p>Arajet, la l\u00ednea a\u00e9rea de precios bajos, realiz\u00f3 un vuelo hist\u00f3rico por primera vez desde Puerto Plata hasta Bogot\u00e1 en Colombia como parte de las acciones de promover la conectividad en el marco de la feria tur\u00edstica Anato 2024. Victor Pacheco M\u00e9ndez, CEO &amp; Fundador de Arajet, explic\u00f3 que este vuelo estuvo integrado con una [&hellip;]<\/p>\n","protected":false},"author":9,"featured_media":10481,"comment_status":"closed","ping_status":"closed","sticky":false,"template":"","format":"standard","meta":{"footnotes":""},"categories":[2843],"tags":[3722,4221,2539,254],"class_list":["post-10480","post","type-post","status-publish","format-standard","has-post-thumbnail","hentry","category-aerolineas","tag-arajet","tag-nueva-flota-de-aviones","tag-pop","tag-puerto-plata"],"_links":{"self":[{"href":"https:\/\/www.foodieandtraveler.com\/index.php\/wp-json\/wp\/v2\/posts\/10480","targetHints":{"allow":["GET"]}}],"collection":[{"href":"https:\/\/www.foodieandtraveler.com\/index.php\/wp-json\/wp\/v2\/posts"}],"about":[{"href":"https:\/\/www.foodieandtraveler.com\/index.php\/wp-json\/wp\/v2\/types\/post"}],"author":[{"embeddable":true,"href":"https:\/\/www.foodieandtraveler.com\/index.php\/wp-json\/wp\/v2\/users\/9"}],"replies":[{"embeddable":true,"href":"https:\/\/www.foodieandtraveler.com\/index.php\/wp-json\/wp\/v2\/comments?post=10480"}],"version-history":[{"count":0,"href":"https:\/\/www.foodieandtraveler.com\/index.php\/wp-json\/wp\/v2\/posts\/10480\/revisions"}],"wp:featuredmedia":[{"embeddable":true,"href":"https:\/\/www.foodieandtraveler.com\/index.php\/wp-json\/wp\/v2\/media\/10481"}],"wp:attachment":[{"href":"https:\/\/www.foodieandtraveler.com\/index.php\/wp-json\/wp\/v2\/media?parent=10480"}],"wp:term":[{"taxonomy":"category","embeddable":true,"href":"https:\/\/www.foodieandtraveler.com\/index.php\/wp-json\/wp\/v2\/categories?post=10480"},{"taxonomy":"post_tag","embeddable":true,"href":"https:\/\/www.foodieandtraveler.com\/index.php\/wp-json\/wp\/v2\/tags?post=10480"}],"curies":[{"name":"wp","href":"https:\/\/api.w.org\/{rel}","templated":true}]}}