{"id":10050,"date":"2023-12-30T17:55:20","date_gmt":"2023-12-30T21:55:20","guid":{"rendered":"https:\/\/www.foodieandtraveler.com\/?p=10050"},"modified":"2024-01-10T10:57:44","modified_gmt":"2024-01-10T14:57:44","slug":"secretario-general-de-la-omt-felicita-a-rd-por-alcanzar-la-meta-de-los-10-millones-de-visitantes","status":"publish","type":"post","link":"https:\/\/www.foodieandtraveler.com\/index.php\/secretario-general-de-la-omt-felicita-a-rd-por-alcanzar-la-meta-de-los-10-millones-de-visitantes\/","title":{"rendered":"Secretario General de la OMT felicita a RD por alcanzar la meta de los 10 millones de visitantes"},"content":{"rendered":"<p style=\"font-weight: 400;\">El secretario general de la Organizaci\u00f3n Mundial del Turismo, Zurab Pololikashvili, felicit\u00f3 hoy al presidente Luis Abinader y al ministro de Turismo, David Collado, por el logro de Rep\u00fablica Dominicana en alcanzar la meta de los 10 millones de visitantes, lo que calific\u00f3 como un hito para el turismo dominicano.<\/p>\n<p style=\"font-weight: 400;\">En su cuenta de X(anterior Twitter), el secretario de la OMT destaca el liderazgo de Rep\u00fablica Dominicana en el turismo mundial.<\/p>\n<p style=\"font-weight: 400;\">&#8220;Felicitaciones a la Rep\u00fablica Dominicana por recibir 10 000 000 visitantes en 2023. Queremos destacar el liderazgo del Presidente S.E. @LuisAbinader y del Ministro de Turismo S.E. @DavidColladoM en este logro. \u00a1Un hito para el turismo dominicano y todos los dominicanos!&#8221;, escribi\u00f3\u00a0 Pololikashvili en su redes sociales.<\/p>\n<p style=\"font-weight: 400;\">En diversos escenarios, en distintas partes del mundo, el secretario general de la OMT ha reconocido el liderazgo de la Rep\u00fablica Dominicana en el turismo, durante la gesti\u00f3n del ministro Collado.<\/p>\n<p style=\"font-weight: 400;\">Se recuerda que el secretario general de la OMT declar\u00f3 a la Rep\u00fablica Dominicana como el primer pa\u00eds del mundo en lograr la total recuperaci\u00f3n del turismo, durante un acto en la hist\u00f3rica Ciudad Colonial de Santo Domingo, la capital Dominicana.<\/p>\n<p style=\"font-weight: 400;\">Durante la 118va reuni\u00f3n\u00a0 del comit\u00e9 ejecutivo del la OMT, que se llev\u00f3 cabo en mayo de este a\u00f1o en el pa\u00eds, Pololikashvili destac\u00f3 el liderazgo que se ha ganado Rep\u00fablica Dominicana por su historia de \u00e9xito en el turismo.<\/p>\n<p style=\"font-weight: 400;\">&#8220;Felicitamos al ministro David Collado y a su equipo por la gran labor que ha realizado y el \u00e9xito de esta reuni\u00f3n del consejo ejecutivo&#8221;, dijo el secretario general de la OMT en esa ocasi\u00f3n.<\/p>\n","protected":false},"excerpt":{"rendered":"<p>El secretario general de la Organizaci\u00f3n Mundial del Turismo, Zurab Pololikashvili, felicit\u00f3 hoy al presidente Luis Abinader y al ministro de Turismo, David Collado, por el logro de Rep\u00fablica Dominicana en alcanzar la meta de los 10 millones de visitantes, lo que calific\u00f3 como un hito para el turismo dominicano. En su cuenta de X(anterior [&hellip;]<\/p>\n","protected":false},"author":9,"featured_media":10066,"comment_status":"closed","ping_status":"closed","sticky":false,"template":"","format":"standard","meta":{"footnotes":""},"categories":[48],"tags":[],"class_list":["post-10050","post","type-post","status-publish","format-standard","has-post-thumbnail","hentry","category-turismo"],"_links":{"self":[{"href":"https:\/\/www.foodieandtraveler.com\/index.php\/wp-json\/wp\/v2\/posts\/10050","targetHints":{"allow":["GET"]}}],"collection":[{"href":"https:\/\/www.foodieandtraveler.com\/index.php\/wp-json\/wp\/v2\/posts"}],"about":[{"href":"https:\/\/www.foodieandtraveler.com\/index.php\/wp-json\/wp\/v2\/types\/post"}],"author":[{"embeddable":true,"href":"https:\/\/www.foodieandtraveler.com\/index.php\/wp-json\/wp\/v2\/users\/9"}],"replies":[{"embeddable":true,"href":"https:\/\/www.foodieandtraveler.com\/index.php\/wp-json\/wp\/v2\/comments?post=10050"}],"version-history":[{"count":0,"href":"https:\/\/www.foodieandtraveler.com\/index.php\/wp-json\/wp\/v2\/posts\/10050\/revisions"}],"wp:featuredmedia":[{"embeddable":true,"href":"https:\/\/www.foodieandtraveler.com\/index.php\/wp-json\/wp\/v2\/media\/10066"}],"wp:attachment":[{"href":"https:\/\/www.foodieandtraveler.com\/index.php\/wp-json\/wp\/v2\/media?parent=10050"}],"wp:term":[{"taxonomy":"category","embeddable":true,"href":"https:\/\/www.foodieandtraveler.com\/index.php\/wp-json\/wp\/v2\/categories?post=10050"},{"taxonomy":"post_tag","embeddable":true,"href":"https:\/\/www.foodieandtraveler.com\/index.php\/wp-json\/wp\/v2\/tags?post=10050"}],"curies":[{"name":"wp","href":"https:\/\/api.w.org\/{rel}","templated":true}]}}