{"id":10047,"date":"2023-12-30T17:42:56","date_gmt":"2023-12-30T21:42:56","guid":{"rendered":"https:\/\/www.foodieandtraveler.com\/?p=10047"},"modified":"2024-01-17T20:00:56","modified_gmt":"2024-01-18T00:00:56","slug":"amelia-reyes-mora-galardonada-como-mujer-innovadora-en-los-connecta-awards-2023-rd","status":"publish","type":"post","link":"https:\/\/www.foodieandtraveler.com\/index.php\/amelia-reyes-mora-galardonada-como-mujer-innovadora-en-los-connecta-awards-2023-rd\/","title":{"rendered":"Amelia Reyes Mora galardonada como mujer innovadora en los Connecta Awards 2023 RD"},"content":{"rendered":"<div>La presidenta de AF Comunicaci\u00f3n Estrat\u00e9gica y vicepresidenta de la Asociaci\u00f3n Dominicana de Turismo de Salud (ADTS), Amelia Reyes Mora, fue galardonada en la categor\u00eda Mujer Innovadora, en los Connecta Awards 2023 Rep\u00fablica Dominicana, un reconocimiento anual a las empresas y l\u00edderes m\u00e1s destacados de la regi\u00f3n Centroamericana y el Caribe.<\/div>\n<div aria-hidden=\"true\">\u00a0<\/div>\n<div>Organizado por Connecta B2B, la casa matriz de las comunidades Mercados &amp; Tendencias, ITNOW y Construir, Connecta Awards distingue a aquellos que han demostrado excelencia en diversos campos, siendo seleccionados por la participaci\u00f3n de la audiencia y un destacado jurado compuesto por el equipo editorial de ConnectaB2B y jueces invitados de la regi\u00f3n.<\/div>\n<div aria-hidden=\"true\">\u00a0<\/div>\n<div>Sobre este reconocimiento, Reyes Mora, destac\u00f3: \u201cLas mujeres tenemos que seguir trabajando arduamente para seguir asumiendo posiciones de liderazgo. Es necesario tener una clara visi\u00f3n de lo que queremos lograr, prepararse y actualizarse profesionalmente, fortalecer la autoconfianza y ser sanamente autocr\u00edticas para corregir errores y aprender de ellos. \u00a0Adem\u00e1s, no debemos olvidar que desempe\u00f1amos diferentes roles y requerimos equilibrarlos de acuerdo con nuestras prioridades y valores\u201d.<\/div>\n<div aria-hidden=\"true\">\u00a0<\/div>\n<div>Asimismo, indic\u00f3 que el liderazgo femenino ha significado un enfoque m\u00e1s sin\u00e9rgico, integrador, distinto y complementario al tradicional masculino, con una visi\u00f3n innovadora para la soluci\u00f3n de conflictos y toma de decisiones.<\/div>\n<div aria-hidden=\"true\">\u00a0<\/div>\n<div>Marcelo Burman, gerente general de Connecta B2B y Geizel Torres, country manager de Mercados &amp; Tendencias Rep\u00fablica Dominicana, entregaron la placa de reconocimiento a Reyes Mora, durante un desayuno efectuado en Santo Domingo.<\/div>\n<div aria-hidden=\"true\">\u00a0<\/div>\n<div>En la actividad que reuni\u00f3 a los nominados de las diferentes categor\u00edas, as\u00ed como invitados especiales, los Connecta B2B Awards premiaron a 10 l\u00edderes y empresas por sus logros en el 2023, que surgieron de una selecci\u00f3n de finalistas, nominados por un jurado calificado, m\u00e1s los votos populares reunidos entre todas las plataformas de Connecta B2B.<\/div>\n<div aria-hidden=\"true\">\u00a0<\/div>\n<div>De la comunidad de Mercados &amp; Tendencias de los Connecta B2B Awards, adem\u00e1s de Mujer Innovadora tambi\u00e9n reconocieron &#8220;Iniciativa pyme&#8221;, &#8220;Proyecto RSE y sostenibilidad&#8221; y &#8220;CEO del a\u00f1o&#8221;.<\/div>\n<div aria-hidden=\"true\">\u00a0<\/div>\n<div>Estos premios celebran la excelencia empresarial y destacan la innovaci\u00f3n y la sostenibilidad, elementos fundamentales en la evoluci\u00f3n de las empresas modernas. Asimismo, son un reconocimiento integral que abarca diversas \u00e1reas y destaca el impacto positivo en los sectores de tecnolog\u00eda, negocios y construcci\u00f3n.<\/div>\n<div aria-hidden=\"true\">\u00a0<\/div>\n<div>\u00a0<\/div>\n\n\n<figure class=\"wp-block-image size-full\"><img fetchpriority=\"high\" decoding=\"async\" width=\"766\" height=\"510\" src=\"https:\/\/www.foodieandtraveler.com\/wp-content\/uploads\/2023\/12\/Geizel-Torres-Amelia-Reyes-Mora-y-Marcelo-Burman-1.jpg\" alt=\"\" class=\"wp-image-10214\" srcset=\"https:\/\/www.foodieandtraveler.com\/wp-content\/uploads\/2023\/12\/Geizel-Torres-Amelia-Reyes-Mora-y-Marcelo-Burman-1.jpg 766w, https:\/\/www.foodieandtraveler.com\/wp-content\/uploads\/2023\/12\/Geizel-Torres-Amelia-Reyes-Mora-y-Marcelo-Burman-1-300x200.jpg 300w\" sizes=\"(max-width: 766px) 100vw, 766px\" \/><\/figure>\n","protected":false},"excerpt":{"rendered":"<p>La presidenta de AF Comunicaci\u00f3n Estrat\u00e9gica y vicepresidenta de la Asociaci\u00f3n Dominicana de Turismo de Salud (ADTS), Amelia Reyes Mora, fue galardonada en la categor\u00eda Mujer Innovadora, en los Connecta Awards 2023 Rep\u00fablica Dominicana, un reconocimiento anual a las empresas y l\u00edderes m\u00e1s destacados de la regi\u00f3n Centroamericana y el Caribe. \u00a0 Organizado por Connecta [&hellip;]<\/p>\n","protected":false},"author":9,"featured_media":10225,"comment_status":"open","ping_status":"closed","sticky":false,"template":"","format":"standard","meta":{"footnotes":""},"categories":[3931],"tags":[],"class_list":["post-10047","post","type-post","status-publish","format-standard","has-post-thumbnail","hentry","category-sector-empresarial"],"_links":{"self":[{"href":"https:\/\/www.foodieandtraveler.com\/index.php\/wp-json\/wp\/v2\/posts\/10047","targetHints":{"allow":["GET"]}}],"collection":[{"href":"https:\/\/www.foodieandtraveler.com\/index.php\/wp-json\/wp\/v2\/posts"}],"about":[{"href":"https:\/\/www.foodieandtraveler.com\/index.php\/wp-json\/wp\/v2\/types\/post"}],"author":[{"embeddable":true,"href":"https:\/\/www.foodieandtraveler.com\/index.php\/wp-json\/wp\/v2\/users\/9"}],"replies":[{"embeddable":true,"href":"https:\/\/www.foodieandtraveler.com\/index.php\/wp-json\/wp\/v2\/comments?post=10047"}],"version-history":[{"count":0,"href":"https:\/\/www.foodieandtraveler.com\/index.php\/wp-json\/wp\/v2\/posts\/10047\/revisions"}],"wp:featuredmedia":[{"embeddable":true,"href":"https:\/\/www.foodieandtraveler.com\/index.php\/wp-json\/wp\/v2\/media\/10225"}],"wp:attachment":[{"href":"https:\/\/www.foodieandtraveler.com\/index.php\/wp-json\/wp\/v2\/media?parent=10047"}],"wp:term":[{"taxonomy":"category","embeddable":true,"href":"https:\/\/www.foodieandtraveler.com\/index.php\/wp-json\/wp\/v2\/categories?post=10047"},{"taxonomy":"post_tag","embeddable":true,"href":"https:\/\/www.foodieandtraveler.com\/index.php\/wp-json\/wp\/v2\/tags?post=10047"}],"curies":[{"name":"wp","href":"https:\/\/api.w.org\/{rel}","templated":true}]}}